{"id":10794,"date":"2025-01-20T14:08:48","date_gmt":"2025-01-20T11:08:48","guid":{"rendered":"https:\/\/www.egemtv.com\/?p=10794"},"modified":"2025-01-20T14:08:49","modified_gmt":"2025-01-20T11:08:49","slug":"baybaturdan-manisaya-toki-mujdesi","status":"publish","type":"post","link":"https:\/\/www.egemtv.com\/?p=10794","title":{"rendered":"Baybatur\u2019dan Manisa\u2019ya TOK\u0130 m\u00fcjdesi"},"content":{"rendered":"<p>AK Parti Manisa Milletvekili Murat Baybatur, Toplu Konut \u0130daresi Ba\u015fkanl\u0131\u011f\u0131 taraf\u0131ndan Manisa\u2019da 109 konut ve 2 d\u00fckk\u00e2nl\u0131 ticaret merkezinin ihaleye \u00e7\u0131kaca\u011f\u0131n\u0131 bildirdi.<br \/>\n<br \/>Baybatur, yapt\u0131\u011f\u0131 a\u00e7\u0131klamada; G\u00f6rdes\u2019in Uzun\u00e7am Mahallesi\u2019nde TOK\u0130 taraf\u0131ndan 109 konut ve 2 d\u00fckk\u00e2nl\u0131 ticaret merkezinin 20 \u015eubat\u2019ta ihaleye \u00e7\u0131kaca\u011f\u0131n\u0131 s\u00f6yledi.<\/p>\n<p>\u0130hale 20 \u015eubat\u2019ta<br \/>\n<br \/>T\u00fcrkiye\u2019nin her b\u00f6lgesinde ve \u00f6zellikle deprem b\u00f6lgesinde ba\u015far\u0131l\u0131 proje \u00e7al\u0131\u015fmalar\u0131n\u0131 y\u00fcr\u00fcten TOK\u0130\u2019nin, bir yandan da Manisa\u2019da \u00e7al\u0131\u015fmalar\u0131n\u0131 s\u00fcrd\u00fcrd\u00fc\u011f\u00fcn\u00fc dile getiren Baybatur, \u201cToplu Konut \u0130daresi Ba\u015fkanl\u0131\u011f\u0131m\u0131z \u00fclkemizin her b\u00f6lgesinde ba\u015far\u0131l\u0131 \u00e7al\u0131\u015fmalar\u0131n\u0131 s\u00fcrd\u00fcr\u00fcyor. Bu \u00e7al\u0131\u015fmalar\u0131n\u0131n yan\u0131ndan 6 \u015eubat\u2019ta ya\u015fanan depremler sonras\u0131nda b\u00fcy\u00fck bir y\u0131k\u0131ma u\u011frayan deprem b\u00f6lgemizde de \u00e7al\u0131\u015fmalar\u0131n\u0131 tamamlay\u0131p vatanda\u015flar\u0131m\u0131za yeni yuvalar\u0131n\u0131 kazand\u0131r\u0131yor. AK Parti \u0130l Ba\u015fkan\u0131m\u0131z, Milletvekili arkada\u015flar\u0131m\u0131zla yapt\u0131\u011f\u0131m\u0131z \u00e7al\u0131\u015fmalarla Manisa\u2019da her il\u00e7emizde bulunan TOK\u0130 konutlar\u0131na bir yenisini kazand\u0131rd\u0131k. 20 \u015eubat\u2019ta yap\u0131lacak olan ihale ile G\u00f6rdes il\u00e7emize 109 konut ve 2 d\u00fckk\u00e2nl\u0131 i\u015f yerinin ihalesi yap\u0131lacak. Toplam 5 blok ve her blokta 22 daireden olu\u015fan 3+1 ile 2+ 1 dairelerin bulundu\u011fu, modern \u00e7evre d\u00fczenlemesi, otopark alanlar\u0131 bulunan projemiz toplam 15 bin 319 metrekareden olu\u015facak. \u0130haleyi kazanan firmaya yap\u0131lacak yer teslimin ard\u0131ndan 15 ay gibi k\u0131sa s\u00fcrede konutlar tamamlanarak hak sahiplerine teslim edilecek. Manisa ve G\u00f6rdesli vatanda\u015flar\u0131m\u0131za hay\u0131rl\u0131 olmas\u0131n\u0131 diliyorum\u201d<br \/>\n<br \/>TOK\u0130 taraf\u0131ndan yap\u0131lacak olan ihale, Elektronik Kamu \u0130haleleri Al\u0131m Platform \u00fczerinden teklif verilebilecek.<br \/><\/p>\n","protected":false},"excerpt":{"rendered":"<p>AK Parti Manisa Milletvekili Murat Baybatur, Toplu Konut \u0130daresi Ba\u015fkanl\u0131\u011f\u0131 taraf\u0131ndan Manisa\u2019da 109 konut ve 2 d\u00fckk\u00e2nl\u0131 ticaret merkezinin ihaleye \u00e7\u0131kaca\u011f\u0131n\u0131 bildirdi. Baybatur, yapt\u0131\u011f\u0131 a\u00e7\u0131klamada; G\u00f6rdes\u2019in Uzun\u00e7am Mahallesi\u2019nde TOK\u0130 taraf\u0131ndan 109 konut ve 2 d\u00fckk\u00e2nl\u0131 ticaret merkezinin 20 \u015eubat\u2019ta ihaleye \u00e7\u0131kaca\u011f\u0131n\u0131 s\u00f6yledi. \u0130hale 20 \u015eubat\u2019ta T\u00fcrkiye\u2019nin her b\u00f6lgesinde ve \u00f6zellikle deprem b\u00f6lgesinde ba\u015far\u0131l\u0131 proje \u00e7al\u0131\u015fmalar\u0131n\u0131&#8230;<\/p>\n","protected":false},"author":1,"featured_media":10795,"comment_status":"open","ping_status":"open","sticky":false,"template":"","format":"standard","meta":{"_crdt_document":"","footnotes":""},"categories":[125],"tags":[],"class_list":["post-10794","post","type-post","status-publish","format-standard","has-post-thumbnail","hentry","category-ekonomi"],"_links":{"self":[{"href":"https:\/\/www.egemtv.com\/index.php?rest_route=\/wp\/v2\/posts\/10794","targetHints":{"allow":["GET"]}}],"collection":[{"href":"https:\/\/www.egemtv.com\/index.php?rest_route=\/wp\/v2\/posts"}],"about":[{"href":"https:\/\/www.egemtv.com\/index.php?rest_route=\/wp\/v2\/types\/post"}],"author":[{"embeddable":true,"href":"https:\/\/www.egemtv.com\/index.php?rest_route=\/wp\/v2\/users\/1"}],"replies":[{"embeddable":true,"href":"https:\/\/www.egemtv.com\/index.php?rest_route=%2Fwp%2Fv2%2Fcomments&post=10794"}],"version-history":[{"count":1,"href":"https:\/\/www.egemtv.com\/index.php?rest_route=\/wp\/v2\/posts\/10794\/revisions"}],"predecessor-version":[{"id":10796,"href":"https:\/\/www.egemtv.com\/index.php?rest_route=\/wp\/v2\/posts\/10794\/revisions\/10796"}],"wp:featuredmedia":[{"embeddable":true,"href":"https:\/\/www.egemtv.com\/index.php?rest_route=\/wp\/v2\/media\/10795"}],"wp:attachment":[{"href":"https:\/\/www.egemtv.com\/index.php?rest_route=%2Fwp%2Fv2%2Fmedia&parent=10794"}],"wp:term":[{"taxonomy":"category","embeddable":true,"href":"https:\/\/www.egemtv.com\/index.php?rest_route=%2Fwp%2Fv2%2Fcategories&post=10794"},{"taxonomy":"post_tag","embeddable":true,"href":"https:\/\/www.egemtv.com\/index.php?rest_route=%2Fwp%2Fv2%2Ftags&post=10794"}],"curies":[{"name":"wp","href":"https:\/\/api.w.org\/{rel}","templated":true}]}}