{"id":10790,"date":"2025-01-20T14:09:33","date_gmt":"2025-01-20T11:09:33","guid":{"rendered":"https:\/\/www.egemtv.com\/?p=10790"},"modified":"2025-01-20T14:09:33","modified_gmt":"2025-01-20T11:09:33","slug":"usak-belediye-baskani-ozkan-yalim-yeni-hizmet-araclari-geldi","status":"publish","type":"post","link":"https:\/\/www.egemtv.com\/?p=10790","title":{"rendered":"U\u015eAK BELED\u0130YE BA\u015eKANI \u00d6ZKAN YALIM &#8220;YEN\u0130 H\u0130ZMET ARA\u00c7LARI GELD\u0130&#8221;"},"content":{"rendered":"\n<iframe width=\"560\" height=\"315\" src=\"https:\/\/www.youtube.com\/embed\/aFkcxQnBCZI?si=ljmp6EdsOLrT8EnK\" title=\"YouTube video player\" frameborder=\"0\" allow=\"accelerometer; autoplay; clipboard-write; encrypted-media; gyroscope; picture-in-picture; web-share\" referrerpolicy=\"strict-origin-when-cross-origin\" allowfullscreen><\/iframe>\n\n\n\n<p class=\"wp-block-paragraph\">U\u015fak Belediyesi b\u00fcnyesine katt\u0131\u011f\u0131 yeni otob\u00fcslerle hem sportif faaliyetlere destek olmaya hem de k\u00fclt\u00fcr gezileri d\u00fczenlemeye haz\u0131rlan\u0131yor. Sosyal medya hesab\u0131ndan payla\u015ft\u0131\u011f\u0131 video ile yeni ara\u00e7lar\u0131 tan\u0131tan Belediye Ba\u015fkan\u0131 \u00d6zkan Yal\u0131m; vatanda\u015flara hizmet noktas\u0131nda s\u0131n\u0131r tan\u0131mad\u0131klar\u0131n\u0131 ifade etti.<\/p>\n\n\n\n<figure class=\"wp-block-image\"><img decoding=\"async\" src=\"https:\/\/www.usakegemtv.com.tr\/images\/files\/2025\/01\/678e2da457f82.jpg\" alt=\"\"\/><\/figure>\n\n\n\n<p class=\"wp-block-paragraph\">Ba\u015fkan Yal\u0131m U\u015fak Belediyesi ana hizmet binas\u0131 \u00f6n\u00fcne \u00e7ekti\u011fi video ile yeni sat\u0131n ald\u0131klar\u0131 ve revize ederek hizmete soktuklar\u0131 otob\u00fcsleri halka tan\u0131tt\u0131. Vatanda\u015flar\u0131n g\u00fczel bir hafta ge\u00e7irmesi temennisiyle konu\u015fmas\u0131na ba\u015flayan Ba\u015fkan Yal\u0131m, d\u00f6rt otob\u00fcs\u00fc tek tek g\u00f6stererek kullan\u0131m ama\u00e7lar\u0131n\u0131 anlatt\u0131.<\/p>\n\n\n\n<figure class=\"wp-block-image\"><img decoding=\"async\" src=\"https:\/\/www.usakegemtv.com.tr\/images\/files\/2025\/01\/678e2db1ab8ac.jpg\" alt=\"\"\/><\/figure>\n\n\n\n<p class=\"wp-block-paragraph\"><strong>SPORU VE SPORCUYU DESTEKL\u0130YORUZ<\/strong>\u00d6ncelikle U\u015fakspor ve di\u011fer sportif faaliyetler i\u00e7in kullan\u0131lacak otob\u00fcsleri g\u00f6steren Ba\u015fkan Yal\u0131m; \u201cDaha \u00f6nceden mevcut olan ve U\u015fakspor i\u00e7in kullan\u0131lan arac\u0131m\u0131z\u0131 yeniledik ve yeniden hizmete kazand\u0131rd\u0131k. Bunun yan\u0131 s\u0131ra bir otob\u00fcs daha sat\u0131n alarak sporcular\u0131m\u0131z i\u00e7in haz\u0131rlad\u0131k. Bundan b\u00f6yle hem U\u015fakspor i\u00e7in hem de alt yap\u0131 tak\u0131mlar\u0131m\u0131z U17 ve U19 gibi di\u011fer sporcular\u0131m\u0131z i\u00e7in bu iki otob\u00fcs\u00fcm\u00fcz birden hizmet verecek\u201d dedi.Ard\u0131ndan di\u011fer otob\u00fcsleri de tan\u0131tan Yal\u0131m, t\u00fcm bu ara\u00e7lar\u0131n vatanda\u015flar\u0131n kat\u0131lmak isteyece\u011fi geziler ve k\u00fclt\u00fcr turlar\u0131 i\u00e7in kullan\u0131laca\u011f\u0131 m\u00fcjdesini verdi.<\/p>\n\n\n\n<figure class=\"wp-block-image\"><img decoding=\"async\" src=\"https:\/\/www.usakegemtv.com.tr\/images\/files\/2025\/01\/678e2dbded959.jpg\" alt=\"\"\/><\/figure>\n\n\n\n<p class=\"wp-block-paragraph\"><strong>K\u00dcLT\u00dcR TURLARI UFUKLARI A\u00c7ACAK<\/strong>\u00d6zellikle yurdun \u00f6nemli noktalar\u0131ndan olan Ulu \u00d6nder Gazi Mustafa Kemal Atat\u00fcrk\u2019\u00fcn ebedi istirahatgah\u0131 An\u0131tkabir\u2019e, T\u00fcrkiye B\u00fcy\u00fck Millet Meclisi\u2019ne, m\u00fczelere ve ecdad\u0131m\u0131z\u0131n b\u00fcy\u00fck bir zafer elde etti\u011fi \u00c7anakkale\u2019ye k\u00fclt\u00fcr turlar\u0131 d\u00fczenlemek istediklerini kaydeden Ba\u015fkan Yal\u0131m; \u201cBiliyorsunuz \u00f6n\u00fcm\u00fczde Mart ay\u0131 var ve Mart ay\u0131nda ecdad\u0131m\u0131z\u0131n kazand\u0131\u011f\u0131 b\u00fcy\u00fck \u00c7anakkale zaferi var. Biz bu zaferin kazan\u0131ld\u0131\u011f\u0131 topraklar\u0131 g\u00f6rmek isteyen t\u00fcm vatanda\u015flar\u0131m\u0131z\u0131 bu d\u00f6rt arac\u0131 da kullanarak oraya g\u00f6nderece\u011fiz ve bir k\u00fclt\u00fcr turuyla onlar\u0131n ufkunu geni\u015fletece\u011fiz. Tabi bu sadece \u00c7anakkale ile s\u0131n\u0131rl\u0131 de\u011fil. Yeterli talep oldu\u011fu takdirde hem \u00c7anakkale\u2019ye hem de Ankara\u2019ya gezilerimiz olacak\u201d dedi.K\u00fclt\u00fcr turlar\u0131na kat\u0131lmak isteye vatanda\u015flara seslenen Ba\u015fkan Yal\u0131m; \u201cVatanda\u015flar\u0131m\u0131z ikametg\u00e2h adreslerinin bulundu\u011fu mahallelerdeki muhtarlar\u0131m\u0131za ba\u015fvurarak isimlerini yazd\u0131rabilir. Yeterli talep olu\u015ftu\u011funda gerekli haz\u0131rl\u0131klar\u0131m\u0131z\u0131 yaparak turlar\u0131m\u0131z\u0131 aktif hale getirece\u011fiz\u201d diye konu\u015ftu.<\/p>\n\n\n\n<figure class=\"wp-block-image\"><img decoding=\"async\" src=\"https:\/\/www.usakegemtv.com.tr\/images\/files\/2025\/01\/678e2dd1a8a04.jpg\" alt=\"\"\/><\/figure>\n","protected":false},"excerpt":{"rendered":"<p>U\u015fak Belediyesi b\u00fcnyesine katt\u0131\u011f\u0131 yeni otob\u00fcslerle hem sportif faaliyetlere destek olmaya hem de k\u00fclt\u00fcr gezileri d\u00fczenlemeye haz\u0131rlan\u0131yor. Sosyal medya hesab\u0131ndan payla\u015ft\u0131\u011f\u0131 video ile yeni ara\u00e7lar\u0131 tan\u0131tan Belediye Ba\u015fkan\u0131 \u00d6zkan Yal\u0131m; vatanda\u015flara hizmet noktas\u0131nda s\u0131n\u0131r tan\u0131mad\u0131klar\u0131n\u0131 ifade etti. Ba\u015fkan Yal\u0131m U\u015fak Belediyesi ana hizmet binas\u0131 \u00f6n\u00fcne \u00e7ekti\u011fi video ile yeni sat\u0131n ald\u0131klar\u0131 ve revize ederek hizmete&#8230;<\/p>\n","protected":false},"author":1,"featured_media":10800,"comment_status":"open","ping_status":"open","sticky":false,"template":"","format":"standard","meta":{"_crdt_document":"","footnotes":""},"categories":[123],"tags":[],"class_list":["post-10790","post","type-post","status-publish","format-standard","has-post-thumbnail","hentry","category-gundem"],"_links":{"self":[{"href":"https:\/\/www.egemtv.com\/index.php?rest_route=\/wp\/v2\/posts\/10790","targetHints":{"allow":["GET"]}}],"collection":[{"href":"https:\/\/www.egemtv.com\/index.php?rest_route=\/wp\/v2\/posts"}],"about":[{"href":"https:\/\/www.egemtv.com\/index.php?rest_route=\/wp\/v2\/types\/post"}],"author":[{"embeddable":true,"href":"https:\/\/www.egemtv.com\/index.php?rest_route=\/wp\/v2\/users\/1"}],"replies":[{"embeddable":true,"href":"https:\/\/www.egemtv.com\/index.php?rest_route=%2Fwp%2Fv2%2Fcomments&post=10790"}],"version-history":[{"count":1,"href":"https:\/\/www.egemtv.com\/index.php?rest_route=\/wp\/v2\/posts\/10790\/revisions"}],"predecessor-version":[{"id":10801,"href":"https:\/\/www.egemtv.com\/index.php?rest_route=\/wp\/v2\/posts\/10790\/revisions\/10801"}],"wp:featuredmedia":[{"embeddable":true,"href":"https:\/\/www.egemtv.com\/index.php?rest_route=\/wp\/v2\/media\/10800"}],"wp:attachment":[{"href":"https:\/\/www.egemtv.com\/index.php?rest_route=%2Fwp%2Fv2%2Fmedia&parent=10790"}],"wp:term":[{"taxonomy":"category","embeddable":true,"href":"https:\/\/www.egemtv.com\/index.php?rest_route=%2Fwp%2Fv2%2Fcategories&post=10790"},{"taxonomy":"post_tag","embeddable":true,"href":"https:\/\/www.egemtv.com\/index.php?rest_route=%2Fwp%2Fv2%2Ftags&post=10790"}],"curies":[{"name":"wp","href":"https:\/\/api.w.org\/{rel}","templated":true}]}}