{"id":10785,"date":"2025-01-20T13:41:27","date_gmt":"2025-01-20T10:41:27","guid":{"rendered":"https:\/\/www.egemtv.com\/?p=10785"},"modified":"2025-01-20T13:41:29","modified_gmt":"2025-01-20T10:41:29","slug":"kulada-manisa-her-yerde-okuyor-projesiyle-veliler-siralara-geri-dondu","status":"publish","type":"post","link":"https:\/\/www.egemtv.com\/?p=10785","title":{"rendered":"Kula\u2019da \u2019Manisa her yerde okuyor\u2019 projesiyle veliler s\u0131ralara geri d\u00f6nd\u00fc"},"content":{"rendered":"<p>Manisa \u0130l Milli E\u011fitim M\u00fcd\u00fcrl\u00fc\u011f\u00fc taraf\u0131ndan y\u00fcr\u00fct\u00fclen \u2019Manisa her yerde okuyor\u2019 projesi kapsam\u0131nda, Fatih Ortaokulu \u00f6\u011frencileri okuduklar\u0131 kitaplar\u0131 ailelerine de okutarak onlara s\u0131nav d\u00fczenledi. \u00c7ocuklar\u0131n s\u0131nav kayg\u0131s\u0131 konusunda ailelerin empati kurmas\u0131n\u0131 ama\u00e7layan etkinlikte, s\u0131nav s\u00fcreci \u00f6\u011frenciler taraf\u0131ndan y\u00fcr\u00fct\u00fcld\u00fc.<br \/>\n<br \/>\u0130l Milli E\u011fitim M\u00fcd\u00fcrl\u00fc\u011f\u00fc taraf\u0131ndan y\u00fcr\u00fct\u00fclen \u2019Manisa her yerde okuyor\u2019 projesi kapsam\u0131nda, Kula Fatih Ortaokulu T\u00fcrk\u00e7e \u00d6\u011fretmeni Tamer Be\u015fba\u015f\u2019\u0131n rehberli\u011finde anlaml\u0131 bir etkinlik ger\u00e7ekle\u015ftirildi. D\u00fczenlenen etkinlikte Fatih Ortaokulu \u00f6\u011frencileri okuduklar\u0131 kitab\u0131 ailelerine de okutarak onlara 15 soruluk bir s\u0131nav d\u00fczenledi. \u00c7ocuklar\u0131n s\u0131nav kayg\u0131s\u0131 konusunda ailelerin de empati kurmas\u0131n\u0131 ama\u00e7layan etkinlikte, s\u0131nav s\u00fcreci \u00f6\u011frenciler taraf\u0131ndan y\u00fcr\u00fct\u00fcld\u00fc. Ortaya \u00e7\u0131kan samimi g\u00f6r\u00fcnt\u00fcler, hem \u00f6\u011frencilerin hem de velilerin y\u00fcz\u00fcn\u00fc g\u00fcld\u00fcrd\u00fc. Etkinli\u011fe kat\u0131lan veliler, y\u0131llard\u0131r ellerine kitap ve kalem almad\u0131klar\u0131n\u0131 belirterek, bu proje sayesinde \u00f6\u011frencilik y\u0131llar\u0131na d\u00f6nd\u00fcklerini ve \u00e7ocuklar\u0131n\u0131 daha iyi anlad\u0131klar\u0131n\u0131 ifade etti. Veliler, projenin hem e\u011fitici hem de birle\u015ftirici y\u00f6n\u00fc i\u00e7in te\u015fekk\u00fcrlerini iletti.<br \/>\n<br \/>Bu anlaml\u0131 etkinlik, aileler ve \u00e7ocuklar aras\u0131nda g\u00fc\u00e7l\u00fc bir ba\u011f kurarken, kitap okuman\u0131n ve e\u011fitimin her ya\u015fta de\u011ferli oldu\u011funu bir kez daha g\u00f6zler \u00f6n\u00fcne serdi.<br \/><\/p>\n","protected":false},"excerpt":{"rendered":"<p>Manisa \u0130l Milli E\u011fitim M\u00fcd\u00fcrl\u00fc\u011f\u00fc taraf\u0131ndan y\u00fcr\u00fct\u00fclen \u2019Manisa her yerde okuyor\u2019 projesi kapsam\u0131nda, Fatih Ortaokulu \u00f6\u011frencileri okuduklar\u0131 kitaplar\u0131 ailelerine de okutarak onlara s\u0131nav d\u00fczenledi. \u00c7ocuklar\u0131n s\u0131nav kayg\u0131s\u0131 konusunda ailelerin empati kurmas\u0131n\u0131 ama\u00e7layan etkinlikte, s\u0131nav s\u00fcreci \u00f6\u011frenciler taraf\u0131ndan y\u00fcr\u00fct\u00fcld\u00fc. \u0130l Milli E\u011fitim M\u00fcd\u00fcrl\u00fc\u011f\u00fc taraf\u0131ndan y\u00fcr\u00fct\u00fclen \u2019Manisa her yerde okuyor\u2019 projesi kapsam\u0131nda, Kula Fatih Ortaokulu T\u00fcrk\u00e7e \u00d6\u011fretmeni&#8230;<\/p>\n","protected":false},"author":1,"featured_media":10786,"comment_status":"open","ping_status":"open","sticky":false,"template":"","format":"standard","meta":{"_crdt_document":"","footnotes":""},"categories":[1],"tags":[],"class_list":["post-10785","post","type-post","status-publish","format-standard","has-post-thumbnail","hentry","category-guncel"],"_links":{"self":[{"href":"https:\/\/www.egemtv.com\/index.php?rest_route=\/wp\/v2\/posts\/10785","targetHints":{"allow":["GET"]}}],"collection":[{"href":"https:\/\/www.egemtv.com\/index.php?rest_route=\/wp\/v2\/posts"}],"about":[{"href":"https:\/\/www.egemtv.com\/index.php?rest_route=\/wp\/v2\/types\/post"}],"author":[{"embeddable":true,"href":"https:\/\/www.egemtv.com\/index.php?rest_route=\/wp\/v2\/users\/1"}],"replies":[{"embeddable":true,"href":"https:\/\/www.egemtv.com\/index.php?rest_route=%2Fwp%2Fv2%2Fcomments&post=10785"}],"version-history":[{"count":1,"href":"https:\/\/www.egemtv.com\/index.php?rest_route=\/wp\/v2\/posts\/10785\/revisions"}],"predecessor-version":[{"id":10787,"href":"https:\/\/www.egemtv.com\/index.php?rest_route=\/wp\/v2\/posts\/10785\/revisions\/10787"}],"wp:featuredmedia":[{"embeddable":true,"href":"https:\/\/www.egemtv.com\/index.php?rest_route=\/wp\/v2\/media\/10786"}],"wp:attachment":[{"href":"https:\/\/www.egemtv.com\/index.php?rest_route=%2Fwp%2Fv2%2Fmedia&parent=10785"}],"wp:term":[{"taxonomy":"category","embeddable":true,"href":"https:\/\/www.egemtv.com\/index.php?rest_route=%2Fwp%2Fv2%2Fcategories&post=10785"},{"taxonomy":"post_tag","embeddable":true,"href":"https:\/\/www.egemtv.com\/index.php?rest_route=%2Fwp%2Fv2%2Ftags&post=10785"}],"curies":[{"name":"wp","href":"https:\/\/api.w.org\/{rel}","templated":true}]}}