{"id":10782,"date":"2025-01-20T13:41:18","date_gmt":"2025-01-20T10:41:18","guid":{"rendered":"https:\/\/www.egemtv.com\/?p=10782"},"modified":"2025-01-20T13:41:21","modified_gmt":"2025-01-20T10:41:21","slug":"denizli-buyuksehirden-ucretsiz-tamirat-destegi","status":"publish","type":"post","link":"https:\/\/www.egemtv.com\/?p=10782","title":{"rendered":"Denizli B\u00fcy\u00fck\u015fehirden \u00fccretsiz tamirat deste\u011fi"},"content":{"rendered":"<p>Denizli B\u00fcy\u00fck\u015fehir Belediyesi, 65 ya\u015f \u00fcst\u00fc yurtta\u015flar\u0131n evlerinde ya\u015fad\u0131klar\u0131 su ve elektrik sorunlar\u0131na 7 g\u00fcn 24 saat \u00fccretsiz tamirat deste\u011fi verecek.<\/p>\n<p>Denizli B\u00fcy\u00fck\u015fehir Belediyesi sosyal projelerine bir yenisini daha ekliyor.  Denizli B\u00fcy\u00fck\u015fehir Belediyesi Evde Mini Bak\u0131m Onar\u0131m Ekibi, alet \u00e7antalar\u0131n\u0131 alarak sahaya \u00e7\u0131k\u0131yor. Talep olu\u015fturan ihtiya\u00e7 sahibi yurtta\u015flar\u0131n evlerine giden ekipler, sorunlu su ve elektrik tesisatlar\u0131n\u0131 tamir edecek. 65 ya\u015f \u00fcst\u00fc vatanda\u015flar Denizli B\u00fcy\u00fck\u015fehir Belediyesi\u2019nin internet adresinden ba\u015fvuru yapabilecek. S\u00f6z konusu destekten faydalanmak isteyen yurtta\u015flar\u0131n Pamukkale ve Merkezefendi il\u00e7elerinde ikamet ediyor olmalar\u0131, hane halk\u0131 gelirinin 15 bin TL\u2019yi ge\u00e7memesi, sadece personel deste\u011finin sunulaca\u011f\u0131 ve gerekli malzeme temininin ise ba\u015fvuru sahibine ait oldu\u011fu belirtildi.<\/p>\n<p>\u201cUlu \u00e7\u0131narlar\u0131m\u0131z\u0131n yan\u0131nday\u0131z\u201d<br \/>\n<br \/>Denizli B\u00fcy\u00fck\u015fehir Belediye Ba\u015fkan\u0131 B\u00fclent Nuri \u00c7avu\u015fo\u011flu, s\u00f6z konusu hizmet ile 7 g\u00fcn 24 saat demeden ihtiya\u00e7 sahibi vatanda\u015flar\u0131n yan\u0131nda olacaklar\u0131n\u0131 s\u00f6yledi. Ba\u015fkan \u00c7avu\u015fo\u011flu, \u201c\u00c7al\u0131\u015fma arkada\u015flar\u0131m\u0131z mini tamir deste\u011fimiz ile elektrik ve su tesisat\u0131 ile ilgili k\u00fc\u00e7\u00fck tamir i\u015fleri yapacak. Hem\u015fehrilerimizin hayat kalitesini y\u00fckseltmek ad\u0131na gece g\u00fcnd\u00fcz demeden gayret edecek. Biz istiyoruz ki, bu g\u00fczel \u015fehirde ya\u015fayan herkes mutlu olsun, bu anlay\u0131\u015fla t\u00fcm imkanlar\u0131m\u0131z\u0131 halk\u0131m\u0131z i\u00e7in seferber etmeye devam edece\u011fiz\u201d dedi.<br \/><\/p>\n","protected":false},"excerpt":{"rendered":"<p>Denizli B\u00fcy\u00fck\u015fehir Belediyesi, 65 ya\u015f \u00fcst\u00fc yurtta\u015flar\u0131n evlerinde ya\u015fad\u0131klar\u0131 su ve elektrik sorunlar\u0131na 7 g\u00fcn 24 saat \u00fccretsiz tamirat deste\u011fi verecek. Denizli B\u00fcy\u00fck\u015fehir Belediyesi sosyal projelerine bir yenisini daha ekliyor. Denizli B\u00fcy\u00fck\u015fehir Belediyesi Evde Mini Bak\u0131m Onar\u0131m Ekibi, alet \u00e7antalar\u0131n\u0131 alarak sahaya \u00e7\u0131k\u0131yor. Talep olu\u015fturan ihtiya\u00e7 sahibi yurtta\u015flar\u0131n evlerine giden ekipler, sorunlu su ve elektrik&#8230;<\/p>\n","protected":false},"author":1,"featured_media":10783,"comment_status":"open","ping_status":"open","sticky":false,"template":"","format":"standard","meta":{"_crdt_document":"","footnotes":""},"categories":[125],"tags":[],"class_list":["post-10782","post","type-post","status-publish","format-standard","has-post-thumbnail","hentry","category-ekonomi"],"_links":{"self":[{"href":"https:\/\/www.egemtv.com\/index.php?rest_route=\/wp\/v2\/posts\/10782","targetHints":{"allow":["GET"]}}],"collection":[{"href":"https:\/\/www.egemtv.com\/index.php?rest_route=\/wp\/v2\/posts"}],"about":[{"href":"https:\/\/www.egemtv.com\/index.php?rest_route=\/wp\/v2\/types\/post"}],"author":[{"embeddable":true,"href":"https:\/\/www.egemtv.com\/index.php?rest_route=\/wp\/v2\/users\/1"}],"replies":[{"embeddable":true,"href":"https:\/\/www.egemtv.com\/index.php?rest_route=%2Fwp%2Fv2%2Fcomments&post=10782"}],"version-history":[{"count":1,"href":"https:\/\/www.egemtv.com\/index.php?rest_route=\/wp\/v2\/posts\/10782\/revisions"}],"predecessor-version":[{"id":10784,"href":"https:\/\/www.egemtv.com\/index.php?rest_route=\/wp\/v2\/posts\/10782\/revisions\/10784"}],"wp:featuredmedia":[{"embeddable":true,"href":"https:\/\/www.egemtv.com\/index.php?rest_route=\/wp\/v2\/media\/10783"}],"wp:attachment":[{"href":"https:\/\/www.egemtv.com\/index.php?rest_route=%2Fwp%2Fv2%2Fmedia&parent=10782"}],"wp:term":[{"taxonomy":"category","embeddable":true,"href":"https:\/\/www.egemtv.com\/index.php?rest_route=%2Fwp%2Fv2%2Fcategories&post=10782"},{"taxonomy":"post_tag","embeddable":true,"href":"https:\/\/www.egemtv.com\/index.php?rest_route=%2Fwp%2Fv2%2Ftags&post=10782"}],"curies":[{"name":"wp","href":"https:\/\/api.w.org\/{rel}","templated":true}]}}