{"id":10767,"date":"2025-01-20T13:41:07","date_gmt":"2025-01-20T10:41:07","guid":{"rendered":"https:\/\/www.egemtv.com\/?p=10767"},"modified":"2025-01-20T13:41:09","modified_gmt":"2025-01-20T10:41:09","slug":"germiyanogullari-mtal-ozel-ogrencileri-izmir-gezisine-katildi","status":"publish","type":"post","link":"https:\/\/www.egemtv.com\/?p=10767","title":{"rendered":"Germiyano\u011fullar\u0131 MTAL \u00f6zel \u00f6\u011frencileri \u0130zmir gezisine kat\u0131ld\u0131"},"content":{"rendered":"<p>Kula Germiyano\u011fullar\u0131 Mesleki ve Teknik Anadolu Lisesi \u00f6zel e\u011fitim \u00f6\u011frencileri, d\u00f6nem sonu etkinlikleri kapsam\u0131nda d\u00fczenlenen \u0130zmir K\u00fclt\u00fcr Gezisi\u2019ne kat\u0131ld\u0131.<br \/>\n<br \/>Gezi program\u0131 \u00e7er\u00e7evesinde \u00f6\u011frenciler, \u0130zmir\u2019in tarihi ve k\u00fclt\u00fcrel zenginliklerini ke\u015ffetme f\u0131rsat\u0131 buldu. Gezi boyunca \u00f6\u011frencilerin yan\u0131nda olan \u00f6\u011fretmenler ve okul idarecileri, onlar\u0131n geziyi en verimli \u015fekilde ge\u00e7irmesi i\u00e7in her detay\u0131 titizlikle planlad\u0131. Velilerin de deste\u011fiyle ger\u00e7ekle\u015ftirilen bu gezi, \u00f6\u011frencilerin sosyalle\u015fmesi, farkl\u0131 k\u00fclt\u00fcrel de\u011ferlerle tan\u0131\u015fmas\u0131 ve \u00f6zg\u00fcvenlerinin artmas\u0131na \u00f6nemli katk\u0131larda bulundu. Kula Germiyano\u011fullar\u0131 Mesleki ve Teknik Anadolu Lisesi yetkilileri, \u00f6zel e\u011fitim \u00f6\u011frencilerinin hem bireysel hem de sosyal geli\u015fimlerini desteklemek amac\u0131yla bu t\u00fcr etkinliklere b\u00fcy\u00fck \u00f6nem verdiklerini belirtti. Yetkililer, \u201c\u00d6\u011frencilerimizin farkl\u0131 ortamlar\u0131 g\u00f6rmeleri, k\u00fclt\u00fcrel zenginlikleri tan\u0131malar\u0131 ve sosyal becerilerini geli\u015ftirmeleri i\u00e7in bu t\u00fcr etkinlikleri d\u00fczenlemeye devam edece\u011fiz. Geziye katk\u0131 sa\u011flayan t\u00fcm ki\u015fi ve kurumlara te\u015fekk\u00fcr ederiz.\u201d ifadelerini kulland\u0131.<br \/>\n<br \/>\u00d6\u011frenciler, \u0130zmir\u2019in tarihi ve k\u00fclt\u00fcrel dokusunu tan\u0131man\u0131n yan\u0131 s\u0131ra \u00f6\u011fretmenleri ve arkada\u015flar\u0131yla keyifli vakit ge\u00e7irmenin mutlulu\u011funu ya\u015fad\u0131.<br \/><\/p>\n","protected":false},"excerpt":{"rendered":"<p>Kula Germiyano\u011fullar\u0131 Mesleki ve Teknik Anadolu Lisesi \u00f6zel e\u011fitim \u00f6\u011frencileri, d\u00f6nem sonu etkinlikleri kapsam\u0131nda d\u00fczenlenen \u0130zmir K\u00fclt\u00fcr Gezisi\u2019ne kat\u0131ld\u0131. Gezi program\u0131 \u00e7er\u00e7evesinde \u00f6\u011frenciler, \u0130zmir\u2019in tarihi ve k\u00fclt\u00fcrel zenginliklerini ke\u015ffetme f\u0131rsat\u0131 buldu. Gezi boyunca \u00f6\u011frencilerin yan\u0131nda olan \u00f6\u011fretmenler ve okul idarecileri, onlar\u0131n geziyi en verimli \u015fekilde ge\u00e7irmesi i\u00e7in her detay\u0131 titizlikle planlad\u0131. Velilerin de deste\u011fiyle ger\u00e7ekle\u015ftirilen&#8230;<\/p>\n","protected":false},"author":1,"featured_media":10768,"comment_status":"open","ping_status":"open","sticky":false,"template":"","format":"standard","meta":{"_crdt_document":"","footnotes":""},"categories":[1],"tags":[],"class_list":["post-10767","post","type-post","status-publish","format-standard","has-post-thumbnail","hentry","category-guncel"],"_links":{"self":[{"href":"https:\/\/www.egemtv.com\/index.php?rest_route=\/wp\/v2\/posts\/10767","targetHints":{"allow":["GET"]}}],"collection":[{"href":"https:\/\/www.egemtv.com\/index.php?rest_route=\/wp\/v2\/posts"}],"about":[{"href":"https:\/\/www.egemtv.com\/index.php?rest_route=\/wp\/v2\/types\/post"}],"author":[{"embeddable":true,"href":"https:\/\/www.egemtv.com\/index.php?rest_route=\/wp\/v2\/users\/1"}],"replies":[{"embeddable":true,"href":"https:\/\/www.egemtv.com\/index.php?rest_route=%2Fwp%2Fv2%2Fcomments&post=10767"}],"version-history":[{"count":1,"href":"https:\/\/www.egemtv.com\/index.php?rest_route=\/wp\/v2\/posts\/10767\/revisions"}],"predecessor-version":[{"id":10769,"href":"https:\/\/www.egemtv.com\/index.php?rest_route=\/wp\/v2\/posts\/10767\/revisions\/10769"}],"wp:featuredmedia":[{"embeddable":true,"href":"https:\/\/www.egemtv.com\/index.php?rest_route=\/wp\/v2\/media\/10768"}],"wp:attachment":[{"href":"https:\/\/www.egemtv.com\/index.php?rest_route=%2Fwp%2Fv2%2Fmedia&parent=10767"}],"wp:term":[{"taxonomy":"category","embeddable":true,"href":"https:\/\/www.egemtv.com\/index.php?rest_route=%2Fwp%2Fv2%2Fcategories&post=10767"},{"taxonomy":"post_tag","embeddable":true,"href":"https:\/\/www.egemtv.com\/index.php?rest_route=%2Fwp%2Fv2%2Ftags&post=10767"}],"curies":[{"name":"wp","href":"https:\/\/api.w.org\/{rel}","templated":true}]}}