{"id":10758,"date":"2025-01-20T12:52:32","date_gmt":"2025-01-20T09:52:32","guid":{"rendered":"https:\/\/www.egemtv.com\/?p=10758"},"modified":"2025-01-20T12:52:33","modified_gmt":"2025-01-20T09:52:33","slug":"turkiye-oryantiring-sampiyonasi-aydinda-yapildi","status":"publish","type":"post","link":"https:\/\/www.egemtv.com\/?p=10758","title":{"rendered":"T\u00fcrkiye Oryantiring \u015eampiyonas\u0131 Ayd\u0131n\u2019da yap\u0131ld\u0131"},"content":{"rendered":"<p>Ayd\u0131n\u2019\u0131n Sultanhisar ve Yenipazar il\u00e7elerinde 2. Kademe T\u00fcrkiye Oryantiring \u015eampiyonas\u0131 yap\u0131ld\u0131. Her iki il\u00e7eye hareket getiren yar\u0131\u015fmalar renkli anlara sahne oldu.<\/p>\n<p>Gen\u00e7lik ve Spor Bakanl\u0131\u011f\u0131, Ayd\u0131n Valili\u011fi, Sultanhisar Kaymakaml\u0131\u011f\u0131, Yenipazar Kaymakaml\u0131\u011f\u0131, Sultanhisar Belediyesi, Yenipazar Belediyesi, T\u00fcrkiye Oryantriring Federasyonu, Spor Toto Te\u015fkilat Ba\u015fkanl\u0131\u011f\u0131 ve Gen\u00e7lik ve Spor \u0130l\u00e7e M\u00fcd\u00fcrl\u00fcklerinin i\u015fbirli\u011fi ile ger\u00e7ekle\u015ftirilen 2. Kademe T\u00fcrkiye Oryantiring \u015eampiyonas\u0131, 60 ilden 95 kul\u00fcp ve bin 306 Sporcunun kat\u0131l\u0131m\u0131yla, Ayd\u0131n\u2019\u0131n Sultanhisar il\u00e7esindeki Nysa Antik Kenti\u2019nde ve Cittaslow (Sakin \u015eehir) \u00fcnvanl\u0131 Yenipazar\u2019da yap\u0131ld\u0131. 2 g\u00fcn s\u00fcren yar\u0131\u015fmalar renkli anlara sahne olurken en iyi dereceyi elde etmek amac\u0131yla 2 bin y\u0131ll\u0131k Nysa Antik Kent ba\u015fta olmak \u00fczere mahalle ve sokak aralar\u0131nda b\u00fcy\u00fck m\u00fccadele veren yar\u0131\u015fmac\u0131lara yerel halktan b\u00fcy\u00fck destek geldi. Ayd\u0131n\u2019da ilk kez ger\u00e7ekle\u015ftirilen yar\u0131\u015flar b\u00fcy\u00fck ilgi g\u00f6rd\u00fc.<\/p>\n<p>B\u00f6lge tan\u0131t\u0131m\u0131na katk\u0131 sa\u011flayacak<br \/>\n<br \/>\u0130lk g\u00fcn yar\u0131\u015flar\u0131 UNESCO D\u00fcnya Miras\u0131 Ge\u00e7ici Listesi\u2019nde yer alan Nysa Antik Kentinde start al\u0131rken 2 bin y\u0131ll\u0131k tarihi dokunun i\u00e7erisinde zamana kar\u015f\u0131 yar\u0131\u015fan sporcular Nysa Antik Kenti Orta Mesafe Yar\u0131\u015f\u0131\u2019n\u0131n fini\u015fini yine tarihi bir mahalle olan Eskihisar Mahallesi sokaklar\u0131ndan ge\u00e7erek tamamlad\u0131. \u0130l\u00e7e halk\u0131 taraf\u0131ndan b\u00fcy\u00fck bir merakla izlenen yar\u0131\u015flar\u0131n sonunda \u00f6d\u00fcl t\u00f6reni ise d\u00f6nemlerinde b\u00fcy\u00fck g\u00f6sterilere ev sahipli\u011fi yapm\u0131\u015f olan antik arena i\u00e7erisinde yap\u0131ld\u0131. Ankara \u00dcniversitesi, Dil ve Tarih -Co\u011frafya Fak\u00fcltesi, Arkeoloji B\u00f6l\u00fcm\u00fc \u00d6\u011fretim \u00dcyesi, Nysa Kaz\u0131 Ba\u015fkan\u0131 Prof. Dr. Serdar Hakan \u00d6ztaner\u2019in ev sahipli\u011finde dereceye giren sporculara madalyalar\u0131 takdim edildi. Prof.\u00d6ztaner\u2019in sporculara hitab\u0131 ve Zeybeklerin g\u00f6sterileri ise b\u00fcy\u00fck alk\u0131\u015f ald\u0131.<\/p>\n<p>T\u00fcrkiye\u2019nin d\u00f6rt bir yan\u0131ndan gelen sporcularla birlikte organizasyonda g\u00f6rev alan yakla\u015f\u0131k bin 650 ki\u015finin kat\u0131l\u0131m\u0131 ile \u015fampiyonan\u0131n ikinci etab\u0131 olan S\u00fcrat Yar\u0131\u015flar\u0131 Yenipazar kent merkezinde yap\u0131ld\u0131. Bu etapta sporcular, Cittaslow unvan\u0131na sahip sakin \u015fehir Yenipazar\u2019\u0131n do\u011fal g\u00fczellikleri ve modern \u015fehir dokusu i\u00e7inde k\u0131yas\u0131ya bir rekabete girdi.<\/p>\n<p>T\u00fcrkiye Oryantiring Federasyonu Ba\u015fkan\u0131 Atilla G\u00fcler, d\u00fczenlenen \u015fampiyona ile ilgili yapt\u0131\u011f\u0131 a\u00e7\u0131klamada:  \u201cT\u00fcrkiye \u015fampiyonas\u0131 2. Kademe aya\u011f\u0131 olarak Ayd\u0131n\u2019da Sultanhisar Nysa Antik Kenti\u2019nde tamamlam\u0131\u015f bulunuyoruz. 39 ilden 94 kul\u00fcb\u00fcn bin 307 sporcuyla kat\u0131lm\u0131\u015f oldu\u011fu bu g\u00fczel yar\u0131\u015fmay\u0131 tamamlam\u0131\u015f bulunuyoruz. Ger\u00e7ekten bizim i\u00e7in gen\u00e7lerimizin \u00e7ok co\u015fkulu ve konuya yak\u0131n ilgilenir oldu\u011funu g\u00f6r\u00fcyoruz. Burada arzu etti\u011fimiz art\u0131k Milli Tak\u0131m se\u00e7meleri i\u00e7in yar\u0131\u015fmac\u0131lar\u0131n son d\u00f6nemece girdikleri \u00e7ok \u00f6nemli yar\u0131\u015fmalardan bir tanesi. \u0130n\u015fallah yar\u0131\u015fmac\u0131lar\u0131m\u0131z\u0131n performanslar\u0131n\u0131 daha da geli\u015fmi\u015f olarak g\u00f6r\u00fcyoruz. M\u00fcteakiben yap\u0131lacak olan, Antalya 3. Kademe yar\u0131\u015fmam\u0131za b\u00fct\u00fcn yar\u0131\u015fmac\u0131lar\u0131m\u0131 haz\u0131rlayaca\u011f\u0131z. \u00c7al\u0131\u015fmalar\u0131 bizlere gurur verecek. Bu arada \u015eubat ay\u0131nda yapaca\u011f\u0131m\u0131z milli tak\u0131mlar antren\u00f6rleriyle, yar\u0131\u015fmac\u0131larla ilgili bir Antalya\u2019da bir kamp\u0131m\u0131z var. Se\u00e7kin milli tak\u0131m ba\u015f antren\u00f6rlerin kat\u0131l\u0131m\u0131yla milli tak\u0131m sporcular\u0131 haz\u0131rl\u0131k kamp\u0131 yap\u0131lacak. Milli tak\u0131mlar\u0131m\u0131z\u0131n antren\u00f6rleri ba\u015fta olmak \u00fczere, yeti\u015fmesi, bunlar\u0131n gelece\u011fe y\u00f6nelik olarak sporcular\u0131m\u0131z\u0131n \u00e7abalar\u0131n\u0131 destekleyecek bir performansa ula\u015facaklar. Daha sonra efendim son kadememiz yani T\u00fcrkiye \u015eampiyonas\u0131 Manisa\u2019da Nisan ay\u0131nda yap\u0131lacak. Art\u0131k bundan sonras\u0131nda milli tak\u0131m\u0131m\u0131z belli olacak. Bunun sonras\u0131nda da 14 ya\u015f alt\u0131 yapaca\u011f\u0131m\u0131z yar\u0131\u015fmalarla sezonu tamamlam\u0131\u015f olaca\u011f\u0131z. Bu arada okul yar\u0131\u015fmalar\u0131 program\u0131 ile ilgilide Okul Sporlar\u0131 Genel M\u00fcd\u00fcrl\u00fc\u011f\u00fcm\u00fcz\u00fcn destekleri ile 8-9 ya\u015f \u00f6\u011frencilerimizin de oryantirik sporuna aktif olarak kat\u0131l\u0131mlar\u0131 sa\u011flanm\u0131\u015f olacak. B\u00f6ylelikle k\u00fc\u00e7\u00fck ya\u015ftan itibaren evlatlar\u0131m\u0131z\u0131n da oryantirik ile tan\u0131\u015ft\u0131rarak gelece\u011fe y\u00f6nelik olarak 14 ya\u015f alt\u0131 ve 16-18-20-21 milli tak\u0131m stat\u00fclerindeki yar\u0131\u015fmalarda art\u0131k bu evlatlar\u0131m\u0131z\u0131 gelece\u011fe y\u00f6nelik olarak haz\u0131rlay\u0131p uluslararas\u0131 yar\u0131\u015fmalarda in\u015fallah \u00e7ok ba\u015far\u0131 ile bunlar\u0131 haz\u0131rlamak temel g\u00f6revimiz ve \u00e7abalar\u0131m\u0131z bu y\u00f6nde\u201d dedi.<\/p>\n<p>Yar\u0131\u015fmaya kat\u0131lan sporcular ise g\u00fczel bir havada ger\u00e7ekle\u015ftirilen yar\u0131\u015fmalardan olduk\u00e7a memnun olduklar\u0131n\u0131 ifade ettiler.<br \/><\/p>\n","protected":false},"excerpt":{"rendered":"<p>Ayd\u0131n\u2019\u0131n Sultanhisar ve Yenipazar il\u00e7elerinde 2. Kademe T\u00fcrkiye Oryantiring \u015eampiyonas\u0131 yap\u0131ld\u0131. Her iki il\u00e7eye hareket getiren yar\u0131\u015fmalar renkli anlara sahne oldu. Gen\u00e7lik ve Spor Bakanl\u0131\u011f\u0131, Ayd\u0131n Valili\u011fi, Sultanhisar Kaymakaml\u0131\u011f\u0131, Yenipazar Kaymakaml\u0131\u011f\u0131, Sultanhisar Belediyesi, Yenipazar Belediyesi, T\u00fcrkiye Oryantriring Federasyonu, Spor Toto Te\u015fkilat Ba\u015fkanl\u0131\u011f\u0131 ve Gen\u00e7lik ve Spor \u0130l\u00e7e M\u00fcd\u00fcrl\u00fcklerinin i\u015fbirli\u011fi ile ger\u00e7ekle\u015ftirilen 2. Kademe T\u00fcrkiye Oryantiring&#8230;<\/p>\n","protected":false},"author":1,"featured_media":10759,"comment_status":"open","ping_status":"open","sticky":false,"template":"","format":"standard","meta":{"_crdt_document":"","footnotes":""},"categories":[4],"tags":[],"class_list":["post-10758","post","type-post","status-publish","format-standard","has-post-thumbnail","hentry","category-spor"],"_links":{"self":[{"href":"https:\/\/www.egemtv.com\/index.php?rest_route=\/wp\/v2\/posts\/10758","targetHints":{"allow":["GET"]}}],"collection":[{"href":"https:\/\/www.egemtv.com\/index.php?rest_route=\/wp\/v2\/posts"}],"about":[{"href":"https:\/\/www.egemtv.com\/index.php?rest_route=\/wp\/v2\/types\/post"}],"author":[{"embeddable":true,"href":"https:\/\/www.egemtv.com\/index.php?rest_route=\/wp\/v2\/users\/1"}],"replies":[{"embeddable":true,"href":"https:\/\/www.egemtv.com\/index.php?rest_route=%2Fwp%2Fv2%2Fcomments&post=10758"}],"version-history":[{"count":1,"href":"https:\/\/www.egemtv.com\/index.php?rest_route=\/wp\/v2\/posts\/10758\/revisions"}],"predecessor-version":[{"id":10760,"href":"https:\/\/www.egemtv.com\/index.php?rest_route=\/wp\/v2\/posts\/10758\/revisions\/10760"}],"wp:featuredmedia":[{"embeddable":true,"href":"https:\/\/www.egemtv.com\/index.php?rest_route=\/wp\/v2\/media\/10759"}],"wp:attachment":[{"href":"https:\/\/www.egemtv.com\/index.php?rest_route=%2Fwp%2Fv2%2Fmedia&parent=10758"}],"wp:term":[{"taxonomy":"category","embeddable":true,"href":"https:\/\/www.egemtv.com\/index.php?rest_route=%2Fwp%2Fv2%2Fcategories&post=10758"},{"taxonomy":"post_tag","embeddable":true,"href":"https:\/\/www.egemtv.com\/index.php?rest_route=%2Fwp%2Fv2%2Ftags&post=10758"}],"curies":[{"name":"wp","href":"https:\/\/api.w.org\/{rel}","templated":true}]}}