{"id":10749,"date":"2025-01-20T12:42:53","date_gmt":"2025-01-20T09:42:53","guid":{"rendered":"https:\/\/www.egemtv.com\/?p=10749"},"modified":"2025-01-20T12:42:55","modified_gmt":"2025-01-20T09:42:55","slug":"kestanepazari-ogrencilerinden-besi-bir-yerde-basari","status":"publish","type":"post","link":"https:\/\/www.egemtv.com\/?p=10749","title":{"rendered":"Kestanepazar\u0131 \u00f6\u011frencilerinden \u2019be\u015fi bir yerde\u2019 ba\u015far\u0131"},"content":{"rendered":"<p>Kestanepazar\u0131 \u00d6\u011frenci Yeti\u015ftirme Derne\u011finin himayesinde e\u011fitimlerini s\u00fcrd\u00fcren \u00f6\u011frenciler, \u0130HL ve Ortaokullar\u0131 Aras\u0131 Mesleki Yar\u0131\u015fmalar\u0131 \u0130zmir \u0130l Finalleri\u2019nde toplamda be\u015f birincilik ve iki ikincilik kazanarak b\u00fcy\u00fck bir ba\u015far\u0131ya imza att\u0131.<br \/>\n<br \/>Kestanepazar\u0131, \u0130zmir \u0130l Milli E\u011fitim M\u00fcd\u00fcrl\u00fc\u011f\u00fc Din \u00d6\u011fretimi B\u00f6l\u00fcm\u00fc taraf\u0131ndan d\u00fczenlenen \u0130mam Hatip Liseleri ve Ortaokullar\u0131 Aras\u0131 Mesleki Yar\u0131\u015fmalar\u2019da Haf\u0131zl\u0131k, Hutbe, Kur\u2019an-\u0131 Kerim\u2019i G\u00fczel Okuma ve Ezan Okuma kategorierinde adeta zafer r\u00fczg\u00e2r\u0131 estirdi. \u0130zmir il finallerinde Kestanepazar\u0131 \u00f6\u011frencileri toplamda be\u015f birincilik ve iki ikincilik kazanarak b\u00fcy\u00fck bir ba\u015far\u0131ya imza att\u0131.<br \/>\n<br \/>Haf\u0131zl\u0131k, Kur\u2019an-\u0131 Kerim\u2019i G\u00fczel Okuma ve Ezan Okuma Yar\u0131\u015fma Finalleri, Dokuz Eyl\u00fcl \u00dcniversitesi \u0130lahiyat Fak\u00fcltesi Konferans Salonu\u2019nda; Hutbe Yar\u0131\u015fmas\u0131 Finali ise \u0130lahiyat Fak\u00fcltesi Hac\u0131 Fatma Tatari Camisi\u2019nde yo\u011fun kat\u0131l\u0131mla ger\u00e7ekle\u015fti.<br \/>\n<br \/>Final programlar\u0131na Cumhurba\u015fkanl\u0131\u011f\u0131 Ba\u015fdan\u0131\u015fman\u0131 Dr. \u0130srafil K\u0131\u015fla, \u0130zmir \u0130l Milli E\u011fitim M\u00fcd\u00fcr\u00fc Dr. \u00d6mer Yah\u015fi, \u00e7e\u015fitli e\u011fitim ve sivil toplum kurulu\u015fu temsilcileri ile \u00f6\u011frenciler, veliler ve halk yo\u011fun ilgi g\u00f6sterdi. J\u00fcri heyetine DE\u00dc \u0130lahiyat Fak\u00fcltesi Dekan\u0131 Prof. Dr. Muammer Erba\u015f ba\u015fkanl\u0131k etti.<\/p>\n<p>Kestanepazar\u0131\u2019n\u0131n ba\u015far\u0131lar\u0131<br \/>\n<br \/>Gen\u00e7 Hatipler Minberde Hutbe Okuma Yar\u0131\u015fmas\u0131<br \/>\n<br \/>Birincilik: Mertcan Uysal, \u0130zmir Anadolu \u0130mam Hatip Lisesi ve Kestanepazar\u0131 Hac\u0131 T\u00fclay \u00c7olako\u011flu Kur\u2019an Kursu \u00f6\u011frencisi olarak il birincisi oldu. Afyon\u2019daki b\u00f6lge finallerinde \u0130zmir\u2019i temsil edecek.<\/p>\n<p>Gen\u00e7 Muhaf\u0131zlar Haf\u0131zl\u0131k Yar\u0131\u015fmas\u0131<br \/>\n<br \/>Birincilik (Ortaokul): \u00d6mer Talha Ta\u015f\u00e7\u0131, \u0130zmir Anadolu \u0130mam Hatip Ortaokulu ve Kestanepazar\u0131 Hatay Kur\u2019an Kursu \u00f6\u011frencisi.<br \/>\n<br \/>Birincilik (Lise): Abdullah Said Okuro\u011flu, \u0130zmir Anadolu \u0130mam Hatip Lisesi ve Kestanepazar\u0131 Hatay Kur\u2019an Kursu \u00f6\u011frencisi.<br \/>\n<br \/>\u0130kincilik: Ahmet Hac \u0130brahim, Alia\u011fa \u015eehit Bahattin Elden Anadolu \u0130mam Hatip Lisesi ve Kestanepazar\u0131 Hac\u0131 T\u00fclay \u00c7olako\u011flu Kur\u2019an Kursu \u00f6\u011frencisi.<\/p>\n<p>Gen\u00e7 Sada Kur\u2019an-\u0131 Kerim\u2019i G\u00fczel Okuma Yar\u0131\u015fmas\u0131<br \/>\n<br \/>Birincilik (Ortaokul): Muhammed Altunba\u011f, \u0130zmir Anadolu \u0130mam Hatip Ortaokulu ve Kestanepazar\u0131 Hatay Kur\u2019an Kursu \u00f6\u011frencisi.<br \/>\n<br \/>Birincilik (Lise): Melih Tar\u0131m, \u0130zmir Anadolu \u0130mam Hatip Lisesi ve Kestanepazar\u0131 Merkez Kur\u2019an Kursu \u00f6\u011frencisi.<\/p>\n<p>Gen\u00e7 Bilaller Ezan Okuma Yar\u0131\u015fmas\u0131<br \/>\n<br \/>\u0130kincilik: Nurullah Boyraz, \u0130zmir Anadolu \u0130mam Hatip Lisesi ve Kestanepazar\u0131 Hatay Kur\u2019an Kursu \u00f6\u011frencisi.<br \/>\n<br \/>Ba\u015fkandan Tebrik<\/p>\n<p>Kestanepazar\u0131 \u00d6\u011frenci Yeti\u015ftirme Derne\u011fi Ba\u015fkan\u0131 C\u00fcneyd Dayhan, yar\u0131\u015fmalarda ba\u015far\u0131 g\u00f6steren \u00f6\u011frencileri ve eme\u011fi ge\u00e7en Kur\u2019an kursu hocalar\u0131n\u0131 tebrik etti. Dayhan, &#8220;Bu gurur hepimizin. \u00d6\u011frencilerimizin g\u00f6sterdi\u011fi azim ve hocalar\u0131m\u0131z\u0131n fedak\u00e2rca \u00e7al\u0131\u015fmalar\u0131, bu ba\u015far\u0131lar\u0131n temelidir&#8221; dedi.<br \/><\/p>\n","protected":false},"excerpt":{"rendered":"<p>Kestanepazar\u0131 \u00d6\u011frenci Yeti\u015ftirme Derne\u011finin himayesinde e\u011fitimlerini s\u00fcrd\u00fcren \u00f6\u011frenciler, \u0130HL ve Ortaokullar\u0131 Aras\u0131 Mesleki Yar\u0131\u015fmalar\u0131 \u0130zmir \u0130l Finalleri\u2019nde toplamda be\u015f birincilik ve iki ikincilik kazanarak b\u00fcy\u00fck bir ba\u015far\u0131ya imza att\u0131. Kestanepazar\u0131, \u0130zmir \u0130l Milli E\u011fitim M\u00fcd\u00fcrl\u00fc\u011f\u00fc Din \u00d6\u011fretimi B\u00f6l\u00fcm\u00fc taraf\u0131ndan d\u00fczenlenen \u0130mam Hatip Liseleri ve Ortaokullar\u0131 Aras\u0131 Mesleki Yar\u0131\u015fmalar\u2019da Haf\u0131zl\u0131k, Hutbe, Kur\u2019an-\u0131 Kerim\u2019i G\u00fczel Okuma ve&#8230;<\/p>\n","protected":false},"author":1,"featured_media":10750,"comment_status":"open","ping_status":"open","sticky":false,"template":"","format":"standard","meta":{"_crdt_document":"","footnotes":""},"categories":[1],"tags":[],"class_list":["post-10749","post","type-post","status-publish","format-standard","has-post-thumbnail","hentry","category-guncel"],"_links":{"self":[{"href":"https:\/\/www.egemtv.com\/index.php?rest_route=\/wp\/v2\/posts\/10749","targetHints":{"allow":["GET"]}}],"collection":[{"href":"https:\/\/www.egemtv.com\/index.php?rest_route=\/wp\/v2\/posts"}],"about":[{"href":"https:\/\/www.egemtv.com\/index.php?rest_route=\/wp\/v2\/types\/post"}],"author":[{"embeddable":true,"href":"https:\/\/www.egemtv.com\/index.php?rest_route=\/wp\/v2\/users\/1"}],"replies":[{"embeddable":true,"href":"https:\/\/www.egemtv.com\/index.php?rest_route=%2Fwp%2Fv2%2Fcomments&post=10749"}],"version-history":[{"count":1,"href":"https:\/\/www.egemtv.com\/index.php?rest_route=\/wp\/v2\/posts\/10749\/revisions"}],"predecessor-version":[{"id":10751,"href":"https:\/\/www.egemtv.com\/index.php?rest_route=\/wp\/v2\/posts\/10749\/revisions\/10751"}],"wp:featuredmedia":[{"embeddable":true,"href":"https:\/\/www.egemtv.com\/index.php?rest_route=\/wp\/v2\/media\/10750"}],"wp:attachment":[{"href":"https:\/\/www.egemtv.com\/index.php?rest_route=%2Fwp%2Fv2%2Fmedia&parent=10749"}],"wp:term":[{"taxonomy":"category","embeddable":true,"href":"https:\/\/www.egemtv.com\/index.php?rest_route=%2Fwp%2Fv2%2Fcategories&post=10749"},{"taxonomy":"post_tag","embeddable":true,"href":"https:\/\/www.egemtv.com\/index.php?rest_route=%2Fwp%2Fv2%2Ftags&post=10749"}],"curies":[{"name":"wp","href":"https:\/\/api.w.org\/{rel}","templated":true}]}}