{"id":10575,"date":"2025-01-20T09:04:16","date_gmt":"2025-01-20T06:04:16","guid":{"rendered":"https:\/\/www.egemtv.com\/?p=10575"},"modified":"2025-01-20T09:04:18","modified_gmt":"2025-01-20T06:04:18","slug":"baskan-kadir-tatik-vatandaslarla-sabah-namazinda-bulustu","status":"publish","type":"post","link":"https:\/\/www.egemtv.com\/?p=10575","title":{"rendered":"Ba\u015fkan Kadir Tat\u0131k vatanda\u015flarla sabah namaz\u0131nda bulu\u015ftu"},"content":{"rendered":"<p>Tavas Belediye Ba\u015fkan\u0131 Kadir Tat\u0131k, mahalle ziyaretleri kapsam\u0131nda Balk\u0131ca Mahallesi\u2019ni ziyaret etti. Sabah namaz\u0131n\u0131 mahalle halk\u0131yla birlikte k\u0131lan Ba\u015fkan Tat\u0131k, namaz\u0131n ard\u0131ndan k\u00f6y kahvesine ge\u00e7erek vatanda\u015flarla \u00e7ay ve simit e\u015fli\u011finde samimi bir sohbet ger\u00e7ekle\u015ftirdi.<\/p>\n<p>Mahalle sakinleri, Ba\u015fkan Tat\u0131k\u2019a bu anlaml\u0131 ziyareti i\u00e7in te\u015fekk\u00fcr ederek d\u00fc\u015f\u00fcncelerini dile getirdi. Sohbet s\u0131ras\u0131nda bir vatanda\u015f, eski Denizli Valisi Recep Yaz\u0131c\u0131o\u011flu\u2019nu \u00f6rnek g\u00f6stererek, \u201cSizleri halk\u0131n aras\u0131nda g\u00f6rmek bizi mutlu ediyor. T\u00fcm siyasileri halk\u0131n i\u00e7inde g\u00f6rmek istiyoruz. Halkla i\u00e7 i\u00e7e olan y\u00f6neticiler bizim i\u00e7in \u00e7ok k\u0131ymetli\u201d dedi.<\/p>\n<p>Ba\u015fkan Tat\u0131k, mahalle halk\u0131yla bir arada olmaktan mutluluk duydu\u011funu ifade ederek, \u201cMisafirperver Balk\u0131ca halk\u0131na te\u015fekk\u00fcr ediyorum. Sizlerle bulu\u015fmak, sorunlar\u0131n\u0131z\u0131 ve taleplerinizi birebir dinlemek bizim i\u00e7in b\u00fcy\u00fck bir \u00f6ncelik. Kap\u0131m\u0131z da g\u00f6nl\u00fcm\u00fcz de sizlere her zaman a\u00e7\u0131k\u201d \u015feklinde konu\u015ftu.<\/p>\n<p>K\u00f6y kahvesindeki sohbet s\u0131ras\u0131nda vatanda\u015flar\u0131n dile getirdi\u011fi talepleri dikkatle dinleyen Ba\u015fkan Tat\u0131k, bu taleplerin \u00e7\u00f6z\u00fcm\u00fc i\u00e7in gereken ad\u0131mlar\u0131n h\u0131zla at\u0131laca\u011f\u0131n\u0131 belirtti. Mahalledeki mevcut hizmetlerin devam edece\u011fini ve yeni projelerin planland\u0131\u011f\u0131n\u0131 ifade etti. Ba\u015fkan Tat\u0131k, \u201cBizim yerel y\u00f6netim anlay\u0131\u015f\u0131m\u0131zda halkla s\u00fcrekli ileti\u015fim ve dayan\u0131\u015fma esast\u0131r. Sizlerin g\u00f6r\u00fc\u015fleri bizim i\u00e7in rehber niteli\u011finde\u201d diyerek, mahalle ziyaretlerine devam edece\u011fini vurgulad\u0131.<\/p>\n<p>. Ziyaret s\u0131ras\u0131nda Ba\u015fkan Tat\u0131k\u2019\u0131n s\u0131cak ve samimi tav\u0131rlar\u0131 dikkat \u00e7ekerken, vatanda\u015flarla kurdu\u011fu i\u00e7ten diyalog takdir toplad\u0131. Balk\u0131ca Mahallesi sakinleri, bu t\u00fcr bulu\u015fmalar\u0131n devam etmesini isteyerek Ba\u015fkan Tat\u0131k\u2019a te\u015fekk\u00fcr etti. Ziyaret, hat\u0131ra foto\u011fraf\u0131 \u00e7ekimiyle sona erdi. Ba\u015fkan Tat\u0131k\u2019\u0131n halkla kurdu\u011fu bu yak\u0131n temas, yerel y\u00f6netim ile vatanda\u015f aras\u0131ndaki ba\u011flar\u0131 g\u00fc\u00e7lendirmeye devam ediyor.<br \/><\/p>\n","protected":false},"excerpt":{"rendered":"<p>Tavas Belediye Ba\u015fkan\u0131 Kadir Tat\u0131k, mahalle ziyaretleri kapsam\u0131nda Balk\u0131ca Mahallesi\u2019ni ziyaret etti. Sabah namaz\u0131n\u0131 mahalle halk\u0131yla birlikte k\u0131lan Ba\u015fkan Tat\u0131k, namaz\u0131n ard\u0131ndan k\u00f6y kahvesine ge\u00e7erek vatanda\u015flarla \u00e7ay ve simit e\u015fli\u011finde samimi bir sohbet ger\u00e7ekle\u015ftirdi. Mahalle sakinleri, Ba\u015fkan Tat\u0131k\u2019a bu anlaml\u0131 ziyareti i\u00e7in te\u015fekk\u00fcr ederek d\u00fc\u015f\u00fcncelerini dile getirdi. Sohbet s\u0131ras\u0131nda bir vatanda\u015f, eski Denizli Valisi Recep&#8230;<\/p>\n","protected":false},"author":1,"featured_media":10576,"comment_status":"open","ping_status":"open","sticky":false,"template":"","format":"standard","meta":{"_crdt_document":"","footnotes":""},"categories":[127],"tags":[],"class_list":["post-10575","post","type-post","status-publish","format-standard","has-post-thumbnail","hentry","category-siyaset"],"_links":{"self":[{"href":"https:\/\/www.egemtv.com\/index.php?rest_route=\/wp\/v2\/posts\/10575","targetHints":{"allow":["GET"]}}],"collection":[{"href":"https:\/\/www.egemtv.com\/index.php?rest_route=\/wp\/v2\/posts"}],"about":[{"href":"https:\/\/www.egemtv.com\/index.php?rest_route=\/wp\/v2\/types\/post"}],"author":[{"embeddable":true,"href":"https:\/\/www.egemtv.com\/index.php?rest_route=\/wp\/v2\/users\/1"}],"replies":[{"embeddable":true,"href":"https:\/\/www.egemtv.com\/index.php?rest_route=%2Fwp%2Fv2%2Fcomments&post=10575"}],"version-history":[{"count":1,"href":"https:\/\/www.egemtv.com\/index.php?rest_route=\/wp\/v2\/posts\/10575\/revisions"}],"predecessor-version":[{"id":10577,"href":"https:\/\/www.egemtv.com\/index.php?rest_route=\/wp\/v2\/posts\/10575\/revisions\/10577"}],"wp:featuredmedia":[{"embeddable":true,"href":"https:\/\/www.egemtv.com\/index.php?rest_route=\/wp\/v2\/media\/10576"}],"wp:attachment":[{"href":"https:\/\/www.egemtv.com\/index.php?rest_route=%2Fwp%2Fv2%2Fmedia&parent=10575"}],"wp:term":[{"taxonomy":"category","embeddable":true,"href":"https:\/\/www.egemtv.com\/index.php?rest_route=%2Fwp%2Fv2%2Fcategories&post=10575"},{"taxonomy":"post_tag","embeddable":true,"href":"https:\/\/www.egemtv.com\/index.php?rest_route=%2Fwp%2Fv2%2Ftags&post=10575"}],"curies":[{"name":"wp","href":"https:\/\/api.w.org\/{rel}","templated":true}]}}