{"id":10560,"date":"2025-01-19T22:10:46","date_gmt":"2025-01-19T19:10:46","guid":{"rendered":"https:\/\/www.egemtv.com\/?p=10560"},"modified":"2025-01-19T22:10:48","modified_gmt":"2025-01-19T19:10:48","slug":"burdurda-sollama-kazasi-4-yarali","status":"publish","type":"post","link":"https:\/\/www.egemtv.com\/?p=10560","title":{"rendered":"Burdur\u2019da sollama kazas\u0131: 4 yaral\u0131"},"content":{"rendered":"<p>Burdur\u2019un G\u00f6lhisar il\u00e7esinde iki otomobilin sollama s\u0131ras\u0131nda birbirine s\u00fcrtmesi sonucu kontrolden \u00e7\u0131kan bir ara\u00e7 tarlaya u\u00e7tu, 4 ki\u015fi yaraland\u0131.<br \/>\n<br \/>Kaza, saat 17.50 s\u0131ralar\u0131nda G\u00f6lhisar il\u00e7esi Yamad\u0131 k\u00f6y\u00fc yak\u0131nlar\u0131nda meydana geldi. Edinilen bilgilere g\u00f6re G\u00f6lhisar &#8211; \u00c7avd\u0131r kara yolunda Deniz A. (23) idaresindeki 07 BUL 642 plakal\u0131 otomobil, sollama s\u0131ras\u0131nda sa\u011f \u015feritte ilerleyen yabanc\u0131 uyruklu Hossein A.(30) y\u00f6netimindeki 15 MA 1725 plakal\u0131 Tofa\u015f otomobile s\u00fcrtmesiyle kontrolden \u00e7\u0131kan Tofa\u015f otomobil, taklalar atarak tarlaya devrildi. Kazada s\u00fcr\u00fcc\u00fc Hossein A. ve ara\u00e7ta yolcu olarak bulunan Mahdi A. (35), Nasrin S. (30), Emiliya A. (4) yaraland\u0131. \u00c7evredekilerin 112 Acil \u00c7a\u011fr\u0131 Merkezine ihbar\u0131 \u00fczerine olay yerine sa\u011fl\u0131k, itfaiye ve jandarma ekipleri sevk edildi. Olay yerine gelen sa\u011fl\u0131k ekiplerinin ilk m\u00fcdahalesinin ard\u0131ndan yaral\u0131lar, ambulanslar ile G\u00f6lhisar Devlet Hastanesi\u2019ne kald\u0131r\u0131ld\u0131.<br \/>\n<br \/>Kazayla ilgili inceleme ba\u015flat\u0131l\u0131rken tedavi alt\u0131na al\u0131nan yaral\u0131lar\u0131n durumlar\u0131n\u0131n iyi oldu\u011fu \u00f6\u011frenildi. Tarlaya devrilen otomobil ise \u00e7ekici yard\u0131m\u0131yla otoparka \u00e7ekildi.<br \/><\/p>\n","protected":false},"excerpt":{"rendered":"<p>Burdur\u2019un G\u00f6lhisar il\u00e7esinde iki otomobilin sollama s\u0131ras\u0131nda birbirine s\u00fcrtmesi sonucu kontrolden \u00e7\u0131kan bir ara\u00e7 tarlaya u\u00e7tu, 4 ki\u015fi yaraland\u0131. Kaza, saat 17.50 s\u0131ralar\u0131nda G\u00f6lhisar il\u00e7esi Yamad\u0131 k\u00f6y\u00fc yak\u0131nlar\u0131nda meydana geldi. Edinilen bilgilere g\u00f6re G\u00f6lhisar &#8211; \u00c7avd\u0131r kara yolunda Deniz A. (23) idaresindeki 07 BUL 642 plakal\u0131 otomobil, sollama s\u0131ras\u0131nda sa\u011f \u015feritte ilerleyen yabanc\u0131 uyruklu Hossein&#8230;<\/p>\n","protected":false},"author":1,"featured_media":10561,"comment_status":"open","ping_status":"open","sticky":false,"template":"","format":"standard","meta":{"_crdt_document":"","footnotes":""},"categories":[5],"tags":[],"class_list":["post-10560","post","type-post","status-publish","format-standard","has-post-thumbnail","hentry","category-asayis"],"_links":{"self":[{"href":"https:\/\/www.egemtv.com\/index.php?rest_route=\/wp\/v2\/posts\/10560","targetHints":{"allow":["GET"]}}],"collection":[{"href":"https:\/\/www.egemtv.com\/index.php?rest_route=\/wp\/v2\/posts"}],"about":[{"href":"https:\/\/www.egemtv.com\/index.php?rest_route=\/wp\/v2\/types\/post"}],"author":[{"embeddable":true,"href":"https:\/\/www.egemtv.com\/index.php?rest_route=\/wp\/v2\/users\/1"}],"replies":[{"embeddable":true,"href":"https:\/\/www.egemtv.com\/index.php?rest_route=%2Fwp%2Fv2%2Fcomments&post=10560"}],"version-history":[{"count":1,"href":"https:\/\/www.egemtv.com\/index.php?rest_route=\/wp\/v2\/posts\/10560\/revisions"}],"predecessor-version":[{"id":10562,"href":"https:\/\/www.egemtv.com\/index.php?rest_route=\/wp\/v2\/posts\/10560\/revisions\/10562"}],"wp:featuredmedia":[{"embeddable":true,"href":"https:\/\/www.egemtv.com\/index.php?rest_route=\/wp\/v2\/media\/10561"}],"wp:attachment":[{"href":"https:\/\/www.egemtv.com\/index.php?rest_route=%2Fwp%2Fv2%2Fmedia&parent=10560"}],"wp:term":[{"taxonomy":"category","embeddable":true,"href":"https:\/\/www.egemtv.com\/index.php?rest_route=%2Fwp%2Fv2%2Fcategories&post=10560"},{"taxonomy":"post_tag","embeddable":true,"href":"https:\/\/www.egemtv.com\/index.php?rest_route=%2Fwp%2Fv2%2Ftags&post=10560"}],"curies":[{"name":"wp","href":"https:\/\/api.w.org\/{rel}","templated":true}]}}