{"id":10557,"date":"2025-01-19T21:49:09","date_gmt":"2025-01-19T18:49:09","guid":{"rendered":"https:\/\/www.egemtv.com\/?p=10557"},"modified":"2025-01-19T21:49:11","modified_gmt":"2025-01-19T18:49:11","slug":"manisa-fk-istanbulspor-macinin-ardindan","status":"publish","type":"post","link":"https:\/\/www.egemtv.com\/?p=10557","title":{"rendered":"Manisa FK &#8211; \u0130stanbulspor ma\u00e7\u0131n\u0131n ard\u0131ndan"},"content":{"rendered":"<p>Trendyol 1. Lig\u2019in 20. haftas\u0131nda oynanan Manisa FK-\u0130stanbulspor ma\u00e7\u0131n\u0131n ard\u0131ndan her iki tak\u0131m\u0131n teknik adamlar\u0131 kar\u015f\u0131la\u015fmay\u0131 de\u011ferlendirdi.<br \/>\n<br \/>Trendyol 1. Lig\u2019in 20. haftas\u0131nda Manisa FK, sahas\u0131nda kar\u015f\u0131la\u015ft\u0131\u011f\u0131 \u0130stanbulspor\u2019a 1-0 ma\u011flup oldu. Ma\u00e7\u0131n ard\u0131ndan d\u00fczenlenen bas\u0131n toplant\u0131s\u0131nda a\u00e7\u0131klamalarda bulunan Manisa FK\u2019n\u0131n teknik Sorumlusu Mesut T\u00fcfenko\u011flu, \u201c\u00dczg\u00fcn\u00fcz. Kazanmay\u0131 arzulad\u0131\u011f\u0131m\u0131z bir m\u00fcsabakaya \u00e7\u0131kt\u0131k. Ama kazan\u0131p \u00fc\u00e7 puan al\u0131p yukar\u0131larda kendimize yer edinme d\u00fc\u015f\u00fcncesindeydik. Ama oyun dengeli bir \u015fekilde giderken kar\u015f\u0131l\u0131k giderken karambolden bir pozisyonda 61. dakikada kalemizde gol\u00fc g\u00f6rd\u00fck. Oyunu tekrar kontrol edip m\u00fccadelemizi s\u00fcrd\u00fcrd\u00fck ama yeterli olmad\u0131 bu. Yapabilecek bir \u015feyimiz yok. Eksiklerimizi giderip Sakarya m\u00fcsabakas\u0131na haz\u0131rlanmak bizim i\u00e7in \u00f6nemli bir konu oldu. \u0130stanbulspor\u2019a ba\u015far\u0131lar dilerim\u201d dedi.<\/p>\n<p>Korkmaz: \u201cBa\u015ftan sona \u00fcst\u00fcn oynad\u0131\u011f\u0131m\u0131z bir ma\u00e7t\u0131\u201d<br \/>\n<br \/>\u0130stanbulspor\u2019un Teknik Direkt\u00f6r\u00fc Osman Zeki Korkmaz ise, \u201cMa\u00e7\u0131n ba\u015f\u0131ndan sonuna \u00fcst\u00fcn oynad\u0131\u011f\u0131m\u0131z bir kar\u015f\u0131la\u015fmayd\u0131. \u00d6zellikle ikinci yar\u0131s\u0131nda h\u00fccum \u00e7\u00f6z\u00fcmlemelerinde taktik anlay\u0131\u015f\u0131 \u00e7ok daha iyi bilen futbolcu arkada\u015flar ma\u00e7\u0131 hem seyir zevki a\u00e7\u0131s\u0131ndan hem hafta boyunca \u00e7al\u0131\u015ft\u0131\u011f\u0131m\u0131z strateji uygulamas\u0131 a\u00e7\u0131s\u0131ndan gayet iyilerdi. Ba\u015ftan sona dedi\u011fim gibi \u00fcst\u00fcn oynad\u0131\u011f\u0131m\u0131z bir ma\u00e7t\u0131. Futbolcu arkada\u015flar\u0131 tebrik ediyorum. Ligin ilk yar\u0131s\u0131 itibariyle \u00e7ok elde olmayan asl\u0131nda bize yak\u0131\u015fmayan sonu\u00e7lar ald\u0131k. Ligin ikinci yar\u0131s\u0131nda ba\u015flang\u0131c\u0131m\u0131z daha disiplinli ve dolu dolu oldu. Futbolcu arkada\u015flar\u0131m\u0131z ligin ikinci yar\u0131s\u0131nda ne yapacaklar\u0131n\u0131, hangi disiplinle hangi motivasyonla hareket edeceklerini bu ma\u00e7ta g\u00f6sterdiler. Kendilerine \u00e7ok te\u015fekk\u00fcr ediyorum. Manisa Futbol Kul\u00fcb\u00fcne de bundan sonraki ma\u00e7larda ba\u015far\u0131lar diliyorum\u201d diye konu\u015ftu.<br \/><\/p>\n","protected":false},"excerpt":{"rendered":"<p>Trendyol 1. Lig\u2019in 20. haftas\u0131nda oynanan Manisa FK-\u0130stanbulspor ma\u00e7\u0131n\u0131n ard\u0131ndan her iki tak\u0131m\u0131n teknik adamlar\u0131 kar\u015f\u0131la\u015fmay\u0131 de\u011ferlendirdi. Trendyol 1. Lig\u2019in 20. haftas\u0131nda Manisa FK, sahas\u0131nda kar\u015f\u0131la\u015ft\u0131\u011f\u0131 \u0130stanbulspor\u2019a 1-0 ma\u011flup oldu. Ma\u00e7\u0131n ard\u0131ndan d\u00fczenlenen bas\u0131n toplant\u0131s\u0131nda a\u00e7\u0131klamalarda bulunan Manisa FK\u2019n\u0131n teknik Sorumlusu Mesut T\u00fcfenko\u011flu, \u201c\u00dczg\u00fcn\u00fcz. Kazanmay\u0131 arzulad\u0131\u011f\u0131m\u0131z bir m\u00fcsabakaya \u00e7\u0131kt\u0131k. Ama kazan\u0131p \u00fc\u00e7 puan al\u0131p yukar\u0131larda&#8230;<\/p>\n","protected":false},"author":1,"featured_media":10558,"comment_status":"open","ping_status":"open","sticky":false,"template":"","format":"standard","meta":{"_crdt_document":"","footnotes":""},"categories":[4],"tags":[],"class_list":["post-10557","post","type-post","status-publish","format-standard","has-post-thumbnail","hentry","category-spor"],"_links":{"self":[{"href":"https:\/\/www.egemtv.com\/index.php?rest_route=\/wp\/v2\/posts\/10557","targetHints":{"allow":["GET"]}}],"collection":[{"href":"https:\/\/www.egemtv.com\/index.php?rest_route=\/wp\/v2\/posts"}],"about":[{"href":"https:\/\/www.egemtv.com\/index.php?rest_route=\/wp\/v2\/types\/post"}],"author":[{"embeddable":true,"href":"https:\/\/www.egemtv.com\/index.php?rest_route=\/wp\/v2\/users\/1"}],"replies":[{"embeddable":true,"href":"https:\/\/www.egemtv.com\/index.php?rest_route=%2Fwp%2Fv2%2Fcomments&post=10557"}],"version-history":[{"count":1,"href":"https:\/\/www.egemtv.com\/index.php?rest_route=\/wp\/v2\/posts\/10557\/revisions"}],"predecessor-version":[{"id":10559,"href":"https:\/\/www.egemtv.com\/index.php?rest_route=\/wp\/v2\/posts\/10557\/revisions\/10559"}],"wp:featuredmedia":[{"embeddable":true,"href":"https:\/\/www.egemtv.com\/index.php?rest_route=\/wp\/v2\/media\/10558"}],"wp:attachment":[{"href":"https:\/\/www.egemtv.com\/index.php?rest_route=%2Fwp%2Fv2%2Fmedia&parent=10557"}],"wp:term":[{"taxonomy":"category","embeddable":true,"href":"https:\/\/www.egemtv.com\/index.php?rest_route=%2Fwp%2Fv2%2Fcategories&post=10557"},{"taxonomy":"post_tag","embeddable":true,"href":"https:\/\/www.egemtv.com\/index.php?rest_route=%2Fwp%2Fv2%2Ftags&post=10557"}],"curies":[{"name":"wp","href":"https:\/\/api.w.org\/{rel}","templated":true}]}}