{"id":10491,"date":"2025-01-19T16:42:37","date_gmt":"2025-01-19T13:42:37","guid":{"rendered":"https:\/\/www.egemtv.com\/?p=10491"},"modified":"2025-01-19T16:42:40","modified_gmt":"2025-01-19T13:42:40","slug":"manisada-iki-cocuk-bogularak-hayatini-kaybetti","status":"publish","type":"post","link":"https:\/\/www.egemtv.com\/?p=10491","title":{"rendered":"Manisa\u2019da iki \u00e7ocuk bo\u011fularak hayat\u0131n\u0131 kaybetti"},"content":{"rendered":"<p>Manisa\u2019n\u0131n Ala\u015fehir il\u00e7esinde bisikletleriyle dola\u015fmaya \u00e7\u0131kan 13 ya\u015f\u0131ndaki iki kuzen bir mermer i\u015fletmesinin a\u00e7t\u0131\u011f\u0131 \u00e7ukura dolan suya d\u00fc\u015ferek bo\u011fuldu. \u00c7ocuklar\u0131n cans\u0131z bedenleri ekipler taraf\u0131ndan \u00e7\u0131kar\u0131l\u0131rken geriye su kenar\u0131ndaki bisikletleri ve g\u00f6z\u00fc ya\u015fl\u0131 aileleri kald\u0131.<br \/>\n<br \/>Manisa\u2019n\u0131n Ala\u015fehir il\u00e7esinde maden oca\u011f\u0131 i\u015fletmesinde olu\u015fan \u00e7ukurda biriken suya d\u00fc\u015fen iki kuzen Yusuf Ey\u00fcp Kaya (13) ve Kadir Kaya (13), bo\u011fularak hayatlar\u0131n\u0131 kaybetti. Olay, bug\u00fcn saat 12.30 s\u0131ralar\u0131nda meydana geldi. Ala\u015fehir\u2019in Caberburhan Mahallesi\u2019nde oturan iki kuzen havan\u0131n g\u00fczel olmas\u0131n\u0131 f\u0131rsat bilerek, mahallenin Balta\u015f\u0131 mevkisinde bulunan \u0130sta\u015f Mermer\u2019e ait mermer oca\u011f\u0131 b\u00f6lgesinde bisiklet s\u00fcrmeye gitti. Mermerlerin \u00e7\u0131kar\u0131ld\u0131\u011f\u0131 b\u00f6lgede olu\u015fan dev \u00e7ukur i\u00e7inde dolan su kenar\u0131nda mola veren kuzenlerden Yusuf Ey\u00fcp Kaya bir anda su birikintisinin i\u00e7ine d\u00fc\u015ft\u00fc. Yakla\u015f\u0131k 2 metre derinli\u011findeki su birikintisi i\u00e7inde \u00e7\u0131rp\u0131nan kuzenine yard\u0131m etmek isteyen Kadir Kaya da suya girdi ancak ikisi de bir s\u00fcre sonra g\u00f6zden kayboldu. Olay\u0131 g\u00f6ren \u00e7evredeki vatanda\u015flar\u0131n ihbar\u0131 \u00fczerine olay yerine AFAD, itfaiye, jandarma ve sa\u011fl\u0131k ekipleri sevk edildi.<br \/>\n<br \/>\u00c7ocuklar\u0131n cans\u0131z bedenleri AFAD ekipleri taraf\u0131ndan sudan \u00e7\u0131kart\u0131l\u0131rken, cenazeler Ala\u015fehir Devlet Hastanesi morguna kald\u0131r\u0131ld\u0131. Olay\u0131 duyan ve sinir krizleri ge\u00e7iren ac\u0131l\u0131 baba Zeki Kaya, &#8220;\u00c7ocuklar\u0131m\u0131z bisiklet binmek i\u00e7in gezmeye gitmi\u015fler. Yusuf Ey\u00fcp Kaya suya d\u00fc\u015fm\u00fc\u015f, Kadir de onu kurtarmak i\u00e7in suya gitmi\u015f ancak ikisi de \u00e7\u0131kamam\u0131\u015flar&#8221; dedi.<br \/>\n<br \/>Amca Seyit Han Dursun ise, &#8220;\u0130\u015fletme sahibi hi\u00e7bir g\u00fcvenlik \u00f6nlemi almam\u0131\u015f. Burada g\u00f6let olu\u015fmu\u015f. Ya bu suyun bo\u015falt\u0131lmas\u0131 veya etraf\u0131nda g\u00fcvenlik \u00f6nlemleri al\u0131nmas\u0131 gerekirdi. Canlar\u0131m\u0131z gitti, \u015fikayet\u00e7iyiz&#8221; diye konu\u015ftu.<br \/>\n<br \/>Jandarma olayla ilgili soru\u015fturma ba\u015flatt\u0131.<br \/><\/p>\n","protected":false},"excerpt":{"rendered":"<p>Manisa\u2019n\u0131n Ala\u015fehir il\u00e7esinde bisikletleriyle dola\u015fmaya \u00e7\u0131kan 13 ya\u015f\u0131ndaki iki kuzen bir mermer i\u015fletmesinin a\u00e7t\u0131\u011f\u0131 \u00e7ukura dolan suya d\u00fc\u015ferek bo\u011fuldu. \u00c7ocuklar\u0131n cans\u0131z bedenleri ekipler taraf\u0131ndan \u00e7\u0131kar\u0131l\u0131rken geriye su kenar\u0131ndaki bisikletleri ve g\u00f6z\u00fc ya\u015fl\u0131 aileleri kald\u0131. Manisa\u2019n\u0131n Ala\u015fehir il\u00e7esinde maden oca\u011f\u0131 i\u015fletmesinde olu\u015fan \u00e7ukurda biriken suya d\u00fc\u015fen iki kuzen Yusuf Ey\u00fcp Kaya (13) ve Kadir Kaya (13),&#8230;<\/p>\n","protected":false},"author":1,"featured_media":10492,"comment_status":"open","ping_status":"open","sticky":false,"template":"","format":"standard","meta":{"_crdt_document":"","footnotes":""},"categories":[5],"tags":[],"class_list":["post-10491","post","type-post","status-publish","format-standard","has-post-thumbnail","hentry","category-asayis"],"_links":{"self":[{"href":"https:\/\/www.egemtv.com\/index.php?rest_route=\/wp\/v2\/posts\/10491","targetHints":{"allow":["GET"]}}],"collection":[{"href":"https:\/\/www.egemtv.com\/index.php?rest_route=\/wp\/v2\/posts"}],"about":[{"href":"https:\/\/www.egemtv.com\/index.php?rest_route=\/wp\/v2\/types\/post"}],"author":[{"embeddable":true,"href":"https:\/\/www.egemtv.com\/index.php?rest_route=\/wp\/v2\/users\/1"}],"replies":[{"embeddable":true,"href":"https:\/\/www.egemtv.com\/index.php?rest_route=%2Fwp%2Fv2%2Fcomments&post=10491"}],"version-history":[{"count":1,"href":"https:\/\/www.egemtv.com\/index.php?rest_route=\/wp\/v2\/posts\/10491\/revisions"}],"predecessor-version":[{"id":10493,"href":"https:\/\/www.egemtv.com\/index.php?rest_route=\/wp\/v2\/posts\/10491\/revisions\/10493"}],"wp:featuredmedia":[{"embeddable":true,"href":"https:\/\/www.egemtv.com\/index.php?rest_route=\/wp\/v2\/media\/10492"}],"wp:attachment":[{"href":"https:\/\/www.egemtv.com\/index.php?rest_route=%2Fwp%2Fv2%2Fmedia&parent=10491"}],"wp:term":[{"taxonomy":"category","embeddable":true,"href":"https:\/\/www.egemtv.com\/index.php?rest_route=%2Fwp%2Fv2%2Fcategories&post=10491"},{"taxonomy":"post_tag","embeddable":true,"href":"https:\/\/www.egemtv.com\/index.php?rest_route=%2Fwp%2Fv2%2Ftags&post=10491"}],"curies":[{"name":"wp","href":"https:\/\/api.w.org\/{rel}","templated":true}]}}