{"id":10488,"date":"2025-01-19T15:53:49","date_gmt":"2025-01-19T12:53:49","guid":{"rendered":"https:\/\/www.egemtv.com\/?p=10488"},"modified":"2025-01-19T15:53:51","modified_gmt":"2025-01-19T12:53:51","slug":"trendyol-super-lig-goztepe-1-antalyaspor-0-mac-sonucu","status":"publish","type":"post","link":"https:\/\/www.egemtv.com\/?p=10488","title":{"rendered":"Trendyol S\u00fcper Lig: G\u00f6ztepe: 1 &#8211; Antalyaspor: 0 (Ma\u00e7 sonucu)"},"content":{"rendered":"<p>Trendyol S\u00fcper Lig\u2019in 20. haftas\u0131nda G\u00f6ztepe sahas\u0131nda kar\u015f\u0131la\u015ft\u0131\u011f\u0131 Antalyaspor\u2019u 1-0 ma\u011flup etti.<\/p>\n<p>Ma\u00e7tan dakikalar (\u0130kinci yar\u0131)<br \/>\n<br \/>54. dakikada Koray G\u00fcnter\u2019in pas\u0131nda savunma arkas\u0131nda topla bulu\u015fan Tijanic\u2019in sert vuru\u015funda me\u015fin yuvarlak kalenin yan\u0131ndan d\u0131\u015far\u0131 \u00e7\u0131kt\u0131.<br \/>\n<br \/>60. dakikada Tijanic\u2019in sa\u011f taraftan kulland\u0131\u011f\u0131 k\u00f6\u015fe vuru\u015funda ceza sahas\u0131 i\u00e7inde Koray\u2019\u0131n kafa vuru\u015fu sonras\u0131nda me\u015fin yuvarlak, kaleci Kenan Piric\u2019te kald\u0131.<br \/>\n<br \/>69. dakikada Djenepo\u2019nun sol taraftan ger\u00e7ekle\u015ftirdi\u011fi atakta yapt\u0131\u011f\u0131 vuru\u015fta tak\u0131m arkada\u015f\u0131ndan seken top kaleye y\u00f6neldi ve me\u015fin yuvarlak kalenin \u00fczerindne d\u0131\u015far\u0131 gitti.<br \/>\n<br \/>90+4 dakikada Towsend\u2019in ortas\u0131nda \u00f6n direkte bulunan Samudio\u2019nun kafa vuru\u015funda kaleci Lis \u00fczerine gelen topu kurtard\u0131.<\/p>\n<p>Hakemler: \u00c7a\u011fda\u015f Altay, Bilal G\u00f6len, Murat Altan<br \/>\n<br \/>G\u00f6ztepe: Mateusz Lis, Lasse Nielsen, Heliton, Koray G\u00fcnter, Malcom Bokele, Djalma Silva, Anthony Dennis (\u0130smail K\u00f6yba\u015f\u0131 dk. 90), Novatus Miroshi, David Tijanic (Ahmed Ild\u0131z dk. 84), Kuryu Matsuki (Victor Hugo dk. 68), Juan (Og\u00fcn Bayrak dk. 90+1)<br \/>\n<br \/>Yedekler: Arda \u00d6z\u00e7imen, Emircan Se\u00e7gin, Naz\u0131m Sangare, \u0130zzet Malak, Tibet Duruak\u00e7ay<br \/>\n<br \/>Teknik Direkt\u00f6r: Stanimir Stoilov<br \/>\n<br \/>Antalyaspor: Kenan Piric, Thalisson Kelven, Veysel Sar\u0131, Emrecan Uzunhan, G\u00fcray Vural, Jakub Kaluzinski, Braian Samudio, Sander van de Streek (Oleksandr Petrusenko dk. 87), Ramzi Safuri (Moussa Djenepo dk. 58), Sam Larsson (Andros Townsend dk. 86), Adolfo Gaich (Mert Y\u0131lmaz dk. 74)<br \/>\n<br \/>Yedekler: Abdullah Yi\u011fiter, Bahad\u0131r \u00d6zt\u00fcrk, B\u00fcnyamin Balc\u0131, Abdurrahim Dursun, Erdal Rakip, Hasan \u00dcrkmez<br \/>\n<br \/>Teknik Direkt\u00f6r: Emre Bel\u00f6zo\u011flu<br \/>\n<br \/>Gol: Juan (dk. 8)<br \/>\n<br \/>Sar\u0131 kartlar: Bokele (G\u00f6ztepe), G\u00fcray Vural, Emrecan Uzunhan (Antalyaspor)<br \/><\/p>\n","protected":false},"excerpt":{"rendered":"<p>Trendyol S\u00fcper Lig\u2019in 20. haftas\u0131nda G\u00f6ztepe sahas\u0131nda kar\u015f\u0131la\u015ft\u0131\u011f\u0131 Antalyaspor\u2019u 1-0 ma\u011flup etti. Ma\u00e7tan dakikalar (\u0130kinci yar\u0131) 54. dakikada Koray G\u00fcnter\u2019in pas\u0131nda savunma arkas\u0131nda topla bulu\u015fan Tijanic\u2019in sert vuru\u015funda me\u015fin yuvarlak kalenin yan\u0131ndan d\u0131\u015far\u0131 \u00e7\u0131kt\u0131. 60. dakikada Tijanic\u2019in sa\u011f taraftan kulland\u0131\u011f\u0131 k\u00f6\u015fe vuru\u015funda ceza sahas\u0131 i\u00e7inde Koray\u2019\u0131n kafa vuru\u015fu sonras\u0131nda me\u015fin yuvarlak, kaleci Kenan Piric\u2019te kald\u0131&#8230;.<\/p>\n","protected":false},"author":1,"featured_media":10489,"comment_status":"open","ping_status":"open","sticky":false,"template":"","format":"standard","meta":{"_crdt_document":"","footnotes":""},"categories":[4],"tags":[],"class_list":["post-10488","post","type-post","status-publish","format-standard","has-post-thumbnail","hentry","category-spor"],"_links":{"self":[{"href":"https:\/\/www.egemtv.com\/index.php?rest_route=\/wp\/v2\/posts\/10488","targetHints":{"allow":["GET"]}}],"collection":[{"href":"https:\/\/www.egemtv.com\/index.php?rest_route=\/wp\/v2\/posts"}],"about":[{"href":"https:\/\/www.egemtv.com\/index.php?rest_route=\/wp\/v2\/types\/post"}],"author":[{"embeddable":true,"href":"https:\/\/www.egemtv.com\/index.php?rest_route=\/wp\/v2\/users\/1"}],"replies":[{"embeddable":true,"href":"https:\/\/www.egemtv.com\/index.php?rest_route=%2Fwp%2Fv2%2Fcomments&post=10488"}],"version-history":[{"count":1,"href":"https:\/\/www.egemtv.com\/index.php?rest_route=\/wp\/v2\/posts\/10488\/revisions"}],"predecessor-version":[{"id":10490,"href":"https:\/\/www.egemtv.com\/index.php?rest_route=\/wp\/v2\/posts\/10488\/revisions\/10490"}],"wp:featuredmedia":[{"embeddable":true,"href":"https:\/\/www.egemtv.com\/index.php?rest_route=\/wp\/v2\/media\/10489"}],"wp:attachment":[{"href":"https:\/\/www.egemtv.com\/index.php?rest_route=%2Fwp%2Fv2%2Fmedia&parent=10488"}],"wp:term":[{"taxonomy":"category","embeddable":true,"href":"https:\/\/www.egemtv.com\/index.php?rest_route=%2Fwp%2Fv2%2Fcategories&post=10488"},{"taxonomy":"post_tag","embeddable":true,"href":"https:\/\/www.egemtv.com\/index.php?rest_route=%2Fwp%2Fv2%2Ftags&post=10488"}],"curies":[{"name":"wp","href":"https:\/\/api.w.org\/{rel}","templated":true}]}}