{"id":10485,"date":"2025-01-19T15:43:15","date_gmt":"2025-01-19T12:43:15","guid":{"rendered":"https:\/\/www.egemtv.com\/?p=10485"},"modified":"2025-01-19T15:43:19","modified_gmt":"2025-01-19T12:43:19","slug":"mentesede-kayaliklarda-mahsur-kalan-keci-ekipler-tarafindan-kurtarildi","status":"publish","type":"post","link":"https:\/\/www.egemtv.com\/?p=10485","title":{"rendered":"Mente\u015fe\u2019de kayal\u0131klarda mahsur kalan ke\u00e7i ekipler taraf\u0131ndan kurtar\u0131ld\u0131"},"content":{"rendered":"<p>Mu\u011fla\u2019n\u0131n mente\u015fe il\u00e7esinde bir kanyondaki kayal\u0131klarda mahsur kalan ke\u00e7i kurtar\u0131ld\u0131.<\/p>\n<p>Olay, Da\u011fp\u0131nar Mahallesi\u2019nde bir kanyonda meydana geldi. Edinilen bilgiye g\u00f6re, ke\u00e7i kayal\u0131klarda mahsur kald\u0131. Durumun 112 Acil \u00c7a\u011fr\u0131 Merkezi\u2019ne bildirilmesi \u00fczerine olay yerine ekipler sevk edildi. Olay yerine intikal eden ekipler mahsur kalan ke\u00e7iye yo\u011fun \u00e7al\u0131\u015fman\u0131n ard\u0131ndan ula\u015ft\u0131. Yap\u0131lan titiz \u00e7al\u0131\u015fmalar\u0131n\u0131n ard\u0131ndan ke\u00e7i kurtar\u0131larak sahibine teslim edildi. Ke\u00e7inin sahibi ke\u00e7iyi bulundu\u011fu yerden kurtaran Mu\u011fla NAK Arama Kurtarma ekiplerine te\u015fekk\u00fcr ederek, \u201cKe\u00e7imizin kurtar\u0131lmas\u0131 i\u00e7in b\u00fcy\u00fck \u00e7aba harcayan ekiplere minnettar\u0131z. Onlar sayesinde ke\u00e7imiz zarar g\u00f6rmeden evimize d\u00f6nd\u00fc\u201d ifadelerini kulland\u0131.<br \/><\/p>\n","protected":false},"excerpt":{"rendered":"<p>Mu\u011fla\u2019n\u0131n mente\u015fe il\u00e7esinde bir kanyondaki kayal\u0131klarda mahsur kalan ke\u00e7i kurtar\u0131ld\u0131. Olay, Da\u011fp\u0131nar Mahallesi\u2019nde bir kanyonda meydana geldi. Edinilen bilgiye g\u00f6re, ke\u00e7i kayal\u0131klarda mahsur kald\u0131. Durumun 112 Acil \u00c7a\u011fr\u0131 Merkezi\u2019ne bildirilmesi \u00fczerine olay yerine ekipler sevk edildi. Olay yerine intikal eden ekipler mahsur kalan ke\u00e7iye yo\u011fun \u00e7al\u0131\u015fman\u0131n ard\u0131ndan ula\u015ft\u0131. Yap\u0131lan titiz \u00e7al\u0131\u015fmalar\u0131n\u0131n ard\u0131ndan ke\u00e7i kurtar\u0131larak sahibine&#8230;<\/p>\n","protected":false},"author":1,"featured_media":10486,"comment_status":"open","ping_status":"open","sticky":false,"template":"","format":"standard","meta":{"_crdt_document":"","footnotes":""},"categories":[5],"tags":[],"class_list":["post-10485","post","type-post","status-publish","format-standard","has-post-thumbnail","hentry","category-asayis"],"_links":{"self":[{"href":"https:\/\/www.egemtv.com\/index.php?rest_route=\/wp\/v2\/posts\/10485","targetHints":{"allow":["GET"]}}],"collection":[{"href":"https:\/\/www.egemtv.com\/index.php?rest_route=\/wp\/v2\/posts"}],"about":[{"href":"https:\/\/www.egemtv.com\/index.php?rest_route=\/wp\/v2\/types\/post"}],"author":[{"embeddable":true,"href":"https:\/\/www.egemtv.com\/index.php?rest_route=\/wp\/v2\/users\/1"}],"replies":[{"embeddable":true,"href":"https:\/\/www.egemtv.com\/index.php?rest_route=%2Fwp%2Fv2%2Fcomments&post=10485"}],"version-history":[{"count":1,"href":"https:\/\/www.egemtv.com\/index.php?rest_route=\/wp\/v2\/posts\/10485\/revisions"}],"predecessor-version":[{"id":10487,"href":"https:\/\/www.egemtv.com\/index.php?rest_route=\/wp\/v2\/posts\/10485\/revisions\/10487"}],"wp:featuredmedia":[{"embeddable":true,"href":"https:\/\/www.egemtv.com\/index.php?rest_route=\/wp\/v2\/media\/10486"}],"wp:attachment":[{"href":"https:\/\/www.egemtv.com\/index.php?rest_route=%2Fwp%2Fv2%2Fmedia&parent=10485"}],"wp:term":[{"taxonomy":"category","embeddable":true,"href":"https:\/\/www.egemtv.com\/index.php?rest_route=%2Fwp%2Fv2%2Fcategories&post=10485"},{"taxonomy":"post_tag","embeddable":true,"href":"https:\/\/www.egemtv.com\/index.php?rest_route=%2Fwp%2Fv2%2Ftags&post=10485"}],"curies":[{"name":"wp","href":"https:\/\/api.w.org\/{rel}","templated":true}]}}