{"id":10467,"date":"2025-01-19T14:16:35","date_gmt":"2025-01-19T11:16:35","guid":{"rendered":"https:\/\/www.egemtv.com\/?p=10467"},"modified":"2025-01-19T14:16:37","modified_gmt":"2025-01-19T11:16:37","slug":"haklarinda-kesinlesmis-hapis-cezasi-bulunan-sahislar-yakalandi","status":"publish","type":"post","link":"https:\/\/www.egemtv.com\/?p=10467","title":{"rendered":"Haklar\u0131nda kesinle\u015fmi\u015f hapis cezas\u0131 bulunan \u015fah\u0131slar yakaland\u0131"},"content":{"rendered":"<p>Ayd\u0131n\u2019\u0131n Didim ve Nazilli il\u00e7elerinde haklar\u0131nda kesinle\u015fmi\u015f hapis cezas\u0131 bulunan \u015fah\u0131slar yakaland\u0131.<\/p>\n<p>Ayd\u0131n\u2019da jandarma ekipleri vatanda\u015flar\u0131n huzur ve g\u00fcvenli\u011fi i\u00e7in \u00e7al\u0131\u015fmalar\u0131n\u0131 aral\u0131ks\u0131z s\u00fcrd\u00fcr\u00fcyor. Edilen bilgiye g\u00f6re, Didim ve Nazilli \u0130l\u00e7e Jandarma Komutanl\u0131\u011f\u0131 ekipleri haklar\u0131nda yakalama karar\u0131 bulunan \u015fah\u0131slar\u0131n yakalanmas\u0131na y\u00f6nelik operasyon ger\u00e7ekle\u015ftirdi. Operasyonlar kapsam\u0131nda Didim\u2019in Akb\u00fck Mahallesi\u2019nde \u2019birden fazla ki\u015fi taraf\u0131ndan birlikte ya\u011fma\u2019 su\u00e7undan aranan ve hakk\u0131nda 10 y\u0131l 6 ay kesinle\u015fmi\u015f hapis cezas\u0131 bulunan U.K. ile Nazilli\u2019nin Ketendere Mahallesi\u2019nde \u2019basit cinsel sald\u0131r\u0131\u2019 su\u00e7undan aranan ve hakk\u0131nda 10 y\u0131l kesinle\u015fmi\u015f hapis cezas\u0131 bulunan F.A. yakalanarak g\u00f6zalt\u0131na al\u0131nd\u0131. Jandarmadaki i\u015flemlerinin ard\u0131ndan adliyeye sevk edilen \u015fah\u0131slar \u00e7\u0131kart\u0131ld\u0131klar\u0131 adli makamlarca tutuklanarak cezaevine g\u00f6nderildi.<br \/><\/p>\n","protected":false},"excerpt":{"rendered":"<p>Ayd\u0131n\u2019\u0131n Didim ve Nazilli il\u00e7elerinde haklar\u0131nda kesinle\u015fmi\u015f hapis cezas\u0131 bulunan \u015fah\u0131slar yakaland\u0131. Ayd\u0131n\u2019da jandarma ekipleri vatanda\u015flar\u0131n huzur ve g\u00fcvenli\u011fi i\u00e7in \u00e7al\u0131\u015fmalar\u0131n\u0131 aral\u0131ks\u0131z s\u00fcrd\u00fcr\u00fcyor. Edilen bilgiye g\u00f6re, Didim ve Nazilli \u0130l\u00e7e Jandarma Komutanl\u0131\u011f\u0131 ekipleri haklar\u0131nda yakalama karar\u0131 bulunan \u015fah\u0131slar\u0131n yakalanmas\u0131na y\u00f6nelik operasyon ger\u00e7ekle\u015ftirdi. Operasyonlar kapsam\u0131nda Didim\u2019in Akb\u00fck Mahallesi\u2019nde \u2019birden fazla ki\u015fi taraf\u0131ndan birlikte ya\u011fma\u2019 su\u00e7undan aranan&#8230;<\/p>\n","protected":false},"author":1,"featured_media":10468,"comment_status":"open","ping_status":"open","sticky":false,"template":"","format":"standard","meta":{"_crdt_document":"","footnotes":""},"categories":[5],"tags":[],"class_list":["post-10467","post","type-post","status-publish","format-standard","has-post-thumbnail","hentry","category-asayis"],"_links":{"self":[{"href":"https:\/\/www.egemtv.com\/index.php?rest_route=\/wp\/v2\/posts\/10467","targetHints":{"allow":["GET"]}}],"collection":[{"href":"https:\/\/www.egemtv.com\/index.php?rest_route=\/wp\/v2\/posts"}],"about":[{"href":"https:\/\/www.egemtv.com\/index.php?rest_route=\/wp\/v2\/types\/post"}],"author":[{"embeddable":true,"href":"https:\/\/www.egemtv.com\/index.php?rest_route=\/wp\/v2\/users\/1"}],"replies":[{"embeddable":true,"href":"https:\/\/www.egemtv.com\/index.php?rest_route=%2Fwp%2Fv2%2Fcomments&post=10467"}],"version-history":[{"count":1,"href":"https:\/\/www.egemtv.com\/index.php?rest_route=\/wp\/v2\/posts\/10467\/revisions"}],"predecessor-version":[{"id":10469,"href":"https:\/\/www.egemtv.com\/index.php?rest_route=\/wp\/v2\/posts\/10467\/revisions\/10469"}],"wp:featuredmedia":[{"embeddable":true,"href":"https:\/\/www.egemtv.com\/index.php?rest_route=\/wp\/v2\/media\/10468"}],"wp:attachment":[{"href":"https:\/\/www.egemtv.com\/index.php?rest_route=%2Fwp%2Fv2%2Fmedia&parent=10467"}],"wp:term":[{"taxonomy":"category","embeddable":true,"href":"https:\/\/www.egemtv.com\/index.php?rest_route=%2Fwp%2Fv2%2Fcategories&post=10467"},{"taxonomy":"post_tag","embeddable":true,"href":"https:\/\/www.egemtv.com\/index.php?rest_route=%2Fwp%2Fv2%2Ftags&post=10467"}],"curies":[{"name":"wp","href":"https:\/\/api.w.org\/{rel}","templated":true}]}}