{"id":10464,"date":"2025-01-19T14:02:01","date_gmt":"2025-01-19T11:02:01","guid":{"rendered":"https:\/\/www.egemtv.com\/?p=10464"},"modified":"2025-01-19T14:02:04","modified_gmt":"2025-01-19T11:02:04","slug":"kusadasinda-trafik-jandarmasindan-motosiklet-ve-kask-egitimi","status":"publish","type":"post","link":"https:\/\/www.egemtv.com\/?p=10464","title":{"rendered":"Ku\u015fadas\u0131\u2019nda trafik jandarmas\u0131ndan motosiklet ve kask e\u011fitimi"},"content":{"rendered":"<p>Ku\u015fadas\u0131 \u0130l\u00e7e Jandarma Komutanl\u0131\u011f\u0131 Trafik Jandarmas\u0131 Ku\u015fadas\u0131\u2019nda vatanda\u015flara y\u00f6nelik bilgilendirmelerde bulundu.<\/p>\n<p>G\u00fczel\u00e7aml\u0131 Mahallesi\u2019ndeki \u00e7e\u015fitli i\u015fletmelerde ger\u00e7ekle\u015fen bilgilendirme faaliyetlerinde, trafik g\u00fcvenli\u011fi ve motosiklet kullan\u0131m\u0131n\u0131n \u00f6nemi vurguland\u0131. Jandarma ekipleri motosiklet s\u00fcr\u00fcc\u00fclerine kask takman\u0131n hayati \u00f6nem ta\u015f\u0131d\u0131\u011f\u0131n\u0131 hat\u0131rlatarak, kasks\u0131z s\u00fcr\u00fc\u015f\u00fcn ciddi kazalara yol a\u00e7abilece\u011fini belirtti. Ayr\u0131ca, motosiklet kullan\u0131m\u0131nda trafik kurallar\u0131na uyulmas\u0131n\u0131n gereklili\u011fi de anlat\u0131ld\u0131. Bu t\u00fcr e\u011fitim ve bilgilendirme faaliyetlerinin b\u00f6lgede trafik kazalar\u0131n\u0131 azaltma ve s\u00fcr\u00fcc\u00fc bilincini art\u0131rma amac\u0131 ta\u015f\u0131d\u0131\u011f\u0131 ifade edilirken, benzer etkinliklere devam edece\u011fi belirtti.<br \/><\/p>\n","protected":false},"excerpt":{"rendered":"<p>Ku\u015fadas\u0131 \u0130l\u00e7e Jandarma Komutanl\u0131\u011f\u0131 Trafik Jandarmas\u0131 Ku\u015fadas\u0131\u2019nda vatanda\u015flara y\u00f6nelik bilgilendirmelerde bulundu. G\u00fczel\u00e7aml\u0131 Mahallesi\u2019ndeki \u00e7e\u015fitli i\u015fletmelerde ger\u00e7ekle\u015fen bilgilendirme faaliyetlerinde, trafik g\u00fcvenli\u011fi ve motosiklet kullan\u0131m\u0131n\u0131n \u00f6nemi vurguland\u0131. Jandarma ekipleri motosiklet s\u00fcr\u00fcc\u00fclerine kask takman\u0131n hayati \u00f6nem ta\u015f\u0131d\u0131\u011f\u0131n\u0131 hat\u0131rlatarak, kasks\u0131z s\u00fcr\u00fc\u015f\u00fcn ciddi kazalara yol a\u00e7abilece\u011fini belirtti. Ayr\u0131ca, motosiklet kullan\u0131m\u0131nda trafik kurallar\u0131na uyulmas\u0131n\u0131n gereklili\u011fi de anlat\u0131ld\u0131. Bu t\u00fcr e\u011fitim ve&#8230;<\/p>\n","protected":false},"author":1,"featured_media":10465,"comment_status":"open","ping_status":"open","sticky":false,"template":"","format":"standard","meta":{"_crdt_document":"","footnotes":""},"categories":[1],"tags":[],"class_list":["post-10464","post","type-post","status-publish","format-standard","has-post-thumbnail","hentry","category-guncel"],"_links":{"self":[{"href":"https:\/\/www.egemtv.com\/index.php?rest_route=\/wp\/v2\/posts\/10464","targetHints":{"allow":["GET"]}}],"collection":[{"href":"https:\/\/www.egemtv.com\/index.php?rest_route=\/wp\/v2\/posts"}],"about":[{"href":"https:\/\/www.egemtv.com\/index.php?rest_route=\/wp\/v2\/types\/post"}],"author":[{"embeddable":true,"href":"https:\/\/www.egemtv.com\/index.php?rest_route=\/wp\/v2\/users\/1"}],"replies":[{"embeddable":true,"href":"https:\/\/www.egemtv.com\/index.php?rest_route=%2Fwp%2Fv2%2Fcomments&post=10464"}],"version-history":[{"count":1,"href":"https:\/\/www.egemtv.com\/index.php?rest_route=\/wp\/v2\/posts\/10464\/revisions"}],"predecessor-version":[{"id":10466,"href":"https:\/\/www.egemtv.com\/index.php?rest_route=\/wp\/v2\/posts\/10464\/revisions\/10466"}],"wp:featuredmedia":[{"embeddable":true,"href":"https:\/\/www.egemtv.com\/index.php?rest_route=\/wp\/v2\/media\/10465"}],"wp:attachment":[{"href":"https:\/\/www.egemtv.com\/index.php?rest_route=%2Fwp%2Fv2%2Fmedia&parent=10464"}],"wp:term":[{"taxonomy":"category","embeddable":true,"href":"https:\/\/www.egemtv.com\/index.php?rest_route=%2Fwp%2Fv2%2Fcategories&post=10464"},{"taxonomy":"post_tag","embeddable":true,"href":"https:\/\/www.egemtv.com\/index.php?rest_route=%2Fwp%2Fv2%2Ftags&post=10464"}],"curies":[{"name":"wp","href":"https:\/\/api.w.org\/{rel}","templated":true}]}}