{"id":10458,"date":"2025-01-19T13:40:56","date_gmt":"2025-01-19T10:40:56","guid":{"rendered":"https:\/\/www.egemtv.com\/?p=10458"},"modified":"2025-01-19T13:40:58","modified_gmt":"2025-01-19T10:40:58","slug":"kaymakam-gundogdu-hacihidirlar-mahalle-sakinleri-ile-bulustu","status":"publish","type":"post","link":"https:\/\/www.egemtv.com\/?p=10458","title":{"rendered":"Kaymakam G\u00fcndo\u011fdu Hac\u0131h\u0131d\u0131rlar Mahalle sakinleri ile bulu\u015ftu"},"content":{"rendered":"<p>Karacasu Kaymakam\u0131 Mehmet G\u00fcndo\u011fdu mahalle ziyaretleri kapsam\u0131nda Hac\u0131h\u0131d\u0131rlar Mahallesi\u2019ni ziyaret ederek vatanda\u015flarla bulu\u015ftu.<\/p>\n<p>Karacasu Kaymakam\u0131 Mehmet G\u00fcndo\u011fdu, Cumhuriyet Savc\u0131s\u0131 Ali Osman Tan ile birlikte Hac\u0131h\u0131d\u0131rlar Mahallesi\u2019ni ziyaret ederek vatanda\u015flarla bir araya geldi. Mahalledeki vatanda\u015flarla sohbet eden Kaymakam G\u00fcndo\u011fdu ve Savc\u0131 Tan halk\u0131n g\u00f6r\u00fc\u015f ve \u00f6nerilerini dinleyerek, mahalledeki ihtiya\u00e7lar hakk\u0131nda bilgi ald\u0131. Kaymakam G\u00fcndo\u011fdu vatanda\u015flar\u0131n taleplerini dikkatle dinleyerek, ilgili birimlerle koordinasyon i\u00e7inde sorunlar\u0131n \u00e7\u00f6z\u00fclmesi i\u00e7in gereken ad\u0131mlar\u0131n at\u0131laca\u011f\u0131n\u0131 ifade etti. Ziyaretlerin vatanda\u015flar\u0131n sorunlar\u0131n\u0131 yerinde g\u00f6rme ve \u00e7\u00f6z\u00fcm \u00fcretme ad\u0131na b\u00fcy\u00fck \u00f6nem ta\u015f\u0131d\u0131\u011f\u0131n\u0131 vurgulayan G\u00fcndo\u011fdu, ziyaretlerini s\u00fcrd\u00fcreceklerini belirtti.<br \/><\/p>\n","protected":false},"excerpt":{"rendered":"<p>Karacasu Kaymakam\u0131 Mehmet G\u00fcndo\u011fdu mahalle ziyaretleri kapsam\u0131nda Hac\u0131h\u0131d\u0131rlar Mahallesi\u2019ni ziyaret ederek vatanda\u015flarla bulu\u015ftu. Karacasu Kaymakam\u0131 Mehmet G\u00fcndo\u011fdu, Cumhuriyet Savc\u0131s\u0131 Ali Osman Tan ile birlikte Hac\u0131h\u0131d\u0131rlar Mahallesi\u2019ni ziyaret ederek vatanda\u015flarla bir araya geldi. Mahalledeki vatanda\u015flarla sohbet eden Kaymakam G\u00fcndo\u011fdu ve Savc\u0131 Tan halk\u0131n g\u00f6r\u00fc\u015f ve \u00f6nerilerini dinleyerek, mahalledeki ihtiya\u00e7lar hakk\u0131nda bilgi ald\u0131. Kaymakam G\u00fcndo\u011fdu vatanda\u015flar\u0131n taleplerini&#8230;<\/p>\n","protected":false},"author":1,"featured_media":10459,"comment_status":"open","ping_status":"open","sticky":false,"template":"","format":"standard","meta":{"_crdt_document":"","footnotes":""},"categories":[1],"tags":[],"class_list":["post-10458","post","type-post","status-publish","format-standard","has-post-thumbnail","hentry","category-guncel"],"_links":{"self":[{"href":"https:\/\/www.egemtv.com\/index.php?rest_route=\/wp\/v2\/posts\/10458","targetHints":{"allow":["GET"]}}],"collection":[{"href":"https:\/\/www.egemtv.com\/index.php?rest_route=\/wp\/v2\/posts"}],"about":[{"href":"https:\/\/www.egemtv.com\/index.php?rest_route=\/wp\/v2\/types\/post"}],"author":[{"embeddable":true,"href":"https:\/\/www.egemtv.com\/index.php?rest_route=\/wp\/v2\/users\/1"}],"replies":[{"embeddable":true,"href":"https:\/\/www.egemtv.com\/index.php?rest_route=%2Fwp%2Fv2%2Fcomments&post=10458"}],"version-history":[{"count":1,"href":"https:\/\/www.egemtv.com\/index.php?rest_route=\/wp\/v2\/posts\/10458\/revisions"}],"predecessor-version":[{"id":10460,"href":"https:\/\/www.egemtv.com\/index.php?rest_route=\/wp\/v2\/posts\/10458\/revisions\/10460"}],"wp:featuredmedia":[{"embeddable":true,"href":"https:\/\/www.egemtv.com\/index.php?rest_route=\/wp\/v2\/media\/10459"}],"wp:attachment":[{"href":"https:\/\/www.egemtv.com\/index.php?rest_route=%2Fwp%2Fv2%2Fmedia&parent=10458"}],"wp:term":[{"taxonomy":"category","embeddable":true,"href":"https:\/\/www.egemtv.com\/index.php?rest_route=%2Fwp%2Fv2%2Fcategories&post=10458"},{"taxonomy":"post_tag","embeddable":true,"href":"https:\/\/www.egemtv.com\/index.php?rest_route=%2Fwp%2Fv2%2Ftags&post=10458"}],"curies":[{"name":"wp","href":"https:\/\/api.w.org\/{rel}","templated":true}]}}