{"id":10452,"date":"2025-01-19T12:49:08","date_gmt":"2025-01-19T09:49:08","guid":{"rendered":"https:\/\/www.egemtv.com\/?p=10452"},"modified":"2025-01-19T12:49:09","modified_gmt":"2025-01-19T09:49:09","slug":"cevresi-tarihle-cevrili-olan-caybasi-deresinde-hummali-calisma","status":"publish","type":"post","link":"https:\/\/www.egemtv.com\/?p=10452","title":{"rendered":"\u00c7evresi tarihle \u00e7evrili olan \u00c7ayba\u015f\u0131 Deresi\u2019nde hummal\u0131 \u00e7al\u0131\u015fma"},"content":{"rendered":"<p>Manisa B\u00fcy\u00fck\u015fehir Belediyesi ve Manisa Su ve Kanalizasyon \u0130daresi (MASK\u0130) Genel M\u00fcd\u00fcrl\u00fc\u011f\u00fc, tarihi dokulara sahip \u00c7ayba\u015f\u0131 Deresi\u2019nde kapsaml\u0131 temizlik \u00e7al\u0131\u015fmalar\u0131 ger\u00e7ekle\u015ftiriyor.<br \/>\n<br \/>Manisa B\u00fcy\u00fck\u015fehir Belediye Ba\u015fkan\u0131 Mimar Ferdi Zeyrek\u2019in bizzat takip etti\u011fi \u00e7al\u0131\u015fmalarda, tarihi ve k\u00fclt\u00fcrel mirasa zarar verilmemesi ad\u0131na \u00f6zel bir hassasiyet g\u00f6steriliyor. Her ay d\u00fczenli olarak el i\u015f\u00e7ili\u011fi ile temizlik yap\u0131lacak dere yata\u011f\u0131, hem do\u011fal g\u00fczellikleriyle hem de tarihi \u00f6nemiyle kentin simgelerinden biri olma \u00f6zelli\u011fini ta\u015f\u0131yor.<br \/>\n<br \/>K\u0131rm\u0131z\u0131 K\u00f6pr\u00fc\u2019n\u00fcn oldu\u011fu noktada yer alan \u00c7ayba\u015f\u0131 Deresi, tarihi dokusu ve as\u0131rl\u0131k a\u011fa\u00e7lar\u0131 ile Manisa merkezin simge noktalar\u0131 aras\u0131nda yer al\u0131yor. Ba\u015fkan Zeyrek\u2019in mahalle ziyaretinde g\u00fcndeme gelen talepler \u00fczerine Kumludere\u2019de \u00e7al\u0131\u015fmalar ba\u015flat\u0131ld\u0131. Derenin a\u00e7\u0131k kesimindeki \u00e7\u00f6pler topland\u0131, otlar budand\u0131 ve d\u00fczenli bak\u0131m yap\u0131ld\u0131. Sabah\u0131n ilk \u0131\u015f\u0131klar\u0131 ile birlikte B\u00fcy\u00fck\u015fehir Belediyesi Genel Sekreteri Burak Deste, MASK\u0130 Genel M\u00fcd\u00fcr\u00fc Talat Postac\u0131, Genel Sekreter Yard\u0131mc\u0131lar\u0131 P\u0131nar Mine Hac\u0131alibeyo\u011flu ile O\u011fuz Murat P\u0131nar, \u00c7evre Koruma ve Kontrol Dairesi Ba\u015fkan\u0131 Erk Kayaba\u015f, Kent Esteti\u011fi Dairesi Ba\u015fkan\u0131 Emine M\u00fcge Ku\u011fu, MASK\u0130 \u00c7evre Koruma ve Kontrol Ba\u015fkan\u0131 Necip Kurtar\u0131c\u0131, Kanalizasyon Dairesi Ba\u015fkan\u0131 \u015eahika Orhan b\u00f6lgede incelemelerde bulundu.<br \/>\n<br \/>\u00c7al\u0131\u015fmalar\u0131 yak\u0131ndan takip eden B\u00fcy\u00fck\u015fehir Belediyesi Genel Sekreteri Burak Deste ve MASK\u0130 Genel M\u00fcd\u00fcr\u00fc Talat Postac\u0131, Ba\u015fkan Zeyrek\u2019in talimat\u0131yla y\u0131llard\u0131r temizlenmeyen kapal\u0131 kesitte de \u00e7al\u0131\u015fmalar\u0131n yap\u0131laca\u011f\u0131n\u0131 kaydetti. Deste ve Postac\u0131, b\u00f6lgedeki k\u00f6t\u00fc koku \u015fikayetlerini de\u011ferlendirmek i\u00e7in numune al\u0131n\u0131p analizlere ba\u015fland\u0131\u011f\u0131n\u0131 ve sonu\u00e7lara g\u00f6re gerekli ad\u0131mlar\u0131n at\u0131laca\u011f\u0131n\u0131 belirtti.<\/p>\n<p>\u201c24 saat esas\u0131yla \u00e7al\u0131\u015fan bir belediyeyiz\u201d<br \/>\n<br \/>Genel Sekreter Burak Deste, tarihi dokular\u0131n oldu\u011fu \u00c7ayba\u015f\u0131 Deresi\u2019nde \u00f6nemli bir temizlik \u00e7al\u0131\u015fmas\u0131 yapt\u0131klar\u0131n\u0131 ifade ederek, \u201c\u015eehzadeler \u015fehri Manisa\u2019n\u0131n en g\u00fczel yerlerinden birisindeyiz. Duvarlar\u0131ndaki ta\u015flar\u0131n\u0131n 550 y\u0131l \u00f6nce d\u00f6\u015fendi\u011fi muhte\u015fem bir do\u011fa harikas\u0131, Spil Da\u011f\u0131\u2019n\u0131n eteklerinde Manisa\u2019n\u0131n en g\u00fczel yerlerinden biri.  Zaman zaman do\u011fan\u0131n, zaman zaman da maalesef insan\u0131m\u0131z\u0131n eliyle kirletildi\u011fi bir yer. Buray\u0131 d\u00fczenli olarak temiz tutmaya \u00e7al\u0131\u015f\u0131yoruz. Yeri geliyor do\u011fayla m\u00fccadele ediyoruz. Yeri geliyor insanlar\u0131n b\u0131rakt\u0131\u011f\u0131 at\u0131klarla u\u011fra\u015f\u0131yoruz. Arkada\u015flar\u0131m\u0131z b\u00fcy\u00fck bir \u00f6zveriyle \u00e7al\u0131\u015f\u0131yor. Yaz demeden k\u0131\u015f demeden hem MASK\u0130 hem de B\u00fcy\u00fck\u015fehir Belediyesi ekipleri d\u00fczenli olarak temizlik yap\u0131yor. \u00c7al\u0131\u015fmalar\u0131 yaparken buran\u0131n tarihi \u00f6zelli\u011fini de dikkate alarak, \u00f6zenmemiz gerekiyor. Korumam\u0131z gereken k\u00fclt\u00fcrel varl\u0131klardan bir tanesi. Att\u0131\u011f\u0131m\u0131z her ad\u0131m\u0131 K\u00fclt\u00fcr ve Tabiat Varl\u0131klar\u0131 Koruma Kurulu\u2019na bildirerek, onlardan g\u00f6r\u00fc\u015f alarak yap\u0131yoruz. Temizliklerimiz d\u00fczenli olarak devam edecek. Amac\u0131m\u0131z, temiz, g\u00fczel, ya\u015fan\u0131labilir bir \u015fehir olu\u015fturmak. G\u00f6r\u00fcyorsunuz, derenin i\u00e7erisine hal\u0131 at\u0131lm\u0131\u015f. Bu do\u011fan\u0131n b\u0131rakt\u0131\u011f\u0131 bir \u015fey de\u011fil. Ama biz elimizden geleni yapaca\u011f\u0131z. Bu bitmeyen bir m\u00fccadele. Hizmetlerimiz devam edecek. Hi\u00e7bir \u015fekilde durmayacak. Biz, 24 saat esas\u0131yla \u00e7al\u0131\u015fan bir belediyeyiz\u201d dedi.<\/p>\n<p>Ka\u00e7ak ba\u011flant\u0131lar tespit edilecek<br \/>\n<br \/>MASK\u0130 Genel M\u00fcd\u00fcr\u00fc Talat Postac\u0131, ka\u00e7ak at\u0131k su ba\u011flant\u0131lar\u0131n\u0131n tespiti i\u00e7in numuneler al\u0131n\u0131p detayl\u0131 analizler yap\u0131ld\u0131\u011f\u0131n\u0131 ve sonu\u00e7lara g\u00f6re m\u00fcdahalelerde bulunacaklar\u0131n\u0131 s\u00f6yledi. Postac\u0131, \u201cBu numuneleri anla\u015fmal\u0131 oldu\u011fumuz akredite olmu\u015f laboratuvarda analiz ettiriyoruz. \u00c7apraz bir kontrol olsun diye iki ayr\u0131 laboratuvarda analiz yapt\u0131r\u0131yoruz. Zararl\u0131 bir at\u0131k s\u00f6z konusu ise m\u00fcdahalemizi ve gerekli yasal i\u015flemlerimizi ba\u015flataca\u011f\u0131z\u201d  diye konu\u015ftu.<\/p>\n<p>Mahalle muhtar\u0131ndan te\u015fekk\u00fcr<br \/>\n<br \/>Tunca Mahalle Muhtar\u0131 Suna Marangoz ise B\u00fcy\u00fck\u015fehir Belediyesi\u2019nin h\u0131zl\u0131 ve titiz \u00e7al\u0131\u015fmalar\u0131ndan duydu\u011fu memnuniyeti dile getirerek, \u201cGe\u00e7en hafta Say\u0131n Ba\u015fkan\u0131m\u0131z Ferdi Zeyrek mahallemize geldi. Geldi\u011finde deremizin i\u00e7indeki a\u011fa\u00e7lar\u0131n bak\u0131mlar\u0131n\u0131n yap\u0131lmas\u0131, at\u0131lan \u00e7\u00f6plerin toplat\u0131lmas\u0131, kapal\u0131 menfezlerin havaland\u0131r\u0131lmas\u0131 konusunda kendisine ricada bulunmu\u015ftuk. Aradan d\u00f6rt g\u00fcn ge\u00e7tikten sonra yine sabah\u0131n ilk saatlerinde Say\u0131n B\u00fcy\u00fck\u015fehir Belediyesi Genel Sekreteri Burak Bey, Say\u0131n MASK\u0130 Genel M\u00fcd\u00fcr\u00fcm\u00fcz Talat Bey ve ekipleri ile birlikte buraday\u0131z. Tarihi, k\u00fclt\u00fcr\u00fc yans\u0131tan, Manisa\u2019n\u0131n akci\u011feri olan Kumludere\u2019mizin bak\u0131m \u00e7al\u0131\u015fmalar\u0131 yap\u0131l\u0131yor. Bu konuda, halk\u0131m\u0131zdan da yard\u0131m istiyoruz. Kumludere\u2019mize l\u00fctfen g\u00f6z\u00fcm\u00fcz gibi bakal\u0131m. Bu anlamda, ka\u00e7ak sular\u0131m\u0131z\u0131 derelerimize ak\u0131tmayal\u0131m. Say\u0131n Ferdi Ba\u015fkan\u0131m\u0131z, konuyla \u00e7ok ilgileniyor, \u00e7ok te\u015fekk\u00fcr ediyoruz\u201d dedi.<br \/><\/p>\n","protected":false},"excerpt":{"rendered":"<p>Manisa B\u00fcy\u00fck\u015fehir Belediyesi ve Manisa Su ve Kanalizasyon \u0130daresi (MASK\u0130) Genel M\u00fcd\u00fcrl\u00fc\u011f\u00fc, tarihi dokulara sahip \u00c7ayba\u015f\u0131 Deresi\u2019nde kapsaml\u0131 temizlik \u00e7al\u0131\u015fmalar\u0131 ger\u00e7ekle\u015ftiriyor. Manisa B\u00fcy\u00fck\u015fehir Belediye Ba\u015fkan\u0131 Mimar Ferdi Zeyrek\u2019in bizzat takip etti\u011fi \u00e7al\u0131\u015fmalarda, tarihi ve k\u00fclt\u00fcrel mirasa zarar verilmemesi ad\u0131na \u00f6zel bir hassasiyet g\u00f6steriliyor. Her ay d\u00fczenli olarak el i\u015f\u00e7ili\u011fi ile temizlik yap\u0131lacak dere yata\u011f\u0131, hem&#8230;<\/p>\n","protected":false},"author":1,"featured_media":10453,"comment_status":"open","ping_status":"open","sticky":false,"template":"","format":"standard","meta":{"_crdt_document":"","footnotes":""},"categories":[1],"tags":[],"class_list":["post-10452","post","type-post","status-publish","format-standard","has-post-thumbnail","hentry","category-guncel"],"_links":{"self":[{"href":"https:\/\/www.egemtv.com\/index.php?rest_route=\/wp\/v2\/posts\/10452","targetHints":{"allow":["GET"]}}],"collection":[{"href":"https:\/\/www.egemtv.com\/index.php?rest_route=\/wp\/v2\/posts"}],"about":[{"href":"https:\/\/www.egemtv.com\/index.php?rest_route=\/wp\/v2\/types\/post"}],"author":[{"embeddable":true,"href":"https:\/\/www.egemtv.com\/index.php?rest_route=\/wp\/v2\/users\/1"}],"replies":[{"embeddable":true,"href":"https:\/\/www.egemtv.com\/index.php?rest_route=%2Fwp%2Fv2%2Fcomments&post=10452"}],"version-history":[{"count":1,"href":"https:\/\/www.egemtv.com\/index.php?rest_route=\/wp\/v2\/posts\/10452\/revisions"}],"predecessor-version":[{"id":10454,"href":"https:\/\/www.egemtv.com\/index.php?rest_route=\/wp\/v2\/posts\/10452\/revisions\/10454"}],"wp:featuredmedia":[{"embeddable":true,"href":"https:\/\/www.egemtv.com\/index.php?rest_route=\/wp\/v2\/media\/10453"}],"wp:attachment":[{"href":"https:\/\/www.egemtv.com\/index.php?rest_route=%2Fwp%2Fv2%2Fmedia&parent=10452"}],"wp:term":[{"taxonomy":"category","embeddable":true,"href":"https:\/\/www.egemtv.com\/index.php?rest_route=%2Fwp%2Fv2%2Fcategories&post=10452"},{"taxonomy":"post_tag","embeddable":true,"href":"https:\/\/www.egemtv.com\/index.php?rest_route=%2Fwp%2Fv2%2Ftags&post=10452"}],"curies":[{"name":"wp","href":"https:\/\/api.w.org\/{rel}","templated":true}]}}