{"id":10449,"date":"2025-01-19T12:46:12","date_gmt":"2025-01-19T09:46:12","guid":{"rendered":"https:\/\/www.egemtv.com\/?p=10449"},"modified":"2025-01-19T12:46:13","modified_gmt":"2025-01-19T09:46:13","slug":"afyonkarahisarda-secim-heyecani","status":"publish","type":"post","link":"https:\/\/www.egemtv.com\/?p=10449","title":{"rendered":"Afyonkarahisar\u2019da se\u00e7im heyecan\u0131"},"content":{"rendered":"<p>Afyonkarahisar\u2019da mahalle muhtar\u0131n\u0131n kansere yenik d\u00fc\u015ferek ya\u015fam\u0131n\u0131 yitirdi\u011fi \u0130plik Mahallesi\u2019nin sakinleri, yeni muhtar\u0131 belirlemek i\u00e7in sand\u0131k ba\u015f\u0131na gitti.<br \/>\n<br \/>\u015euhut il\u00e7esinde 31 Mart 2024 Mahalli \u0130dareler Genel Se\u00e7imleri\u2019nde muhtar se\u00e7ilen Fehmi Metin Peynirci, ge\u00e7ti\u011fimiz haftalarda kansere yeni d\u00fc\u015ferek vefat etti. Peynirci\u2019nin vefat\u0131 sonras\u0131 224 se\u00e7menin bulunu\u011fu \u0130plik Mahallesi\u2019nin sakinleri, \u0130l\u00e7e Se\u00e7im Kurulu karar\u0131yla yeni muhtar\u0131 se\u00e7mek i\u00e7in sand\u0131k ba\u015f\u0131na gitti. Selma Peynirci, Serkan Ta\u015fl\u0131ca, Mehmet \u00d6zdemir ve Halil Sevil\u2019in aday oldu\u011fu se\u00e7imde, Zaferyolu \u0130lkokulu\u2019nda sabah erken saatlerde ba\u015flayan oy verme i\u015flemi devam ediyor.<br \/><\/p>\n","protected":false},"excerpt":{"rendered":"<p>Afyonkarahisar\u2019da mahalle muhtar\u0131n\u0131n kansere yenik d\u00fc\u015ferek ya\u015fam\u0131n\u0131 yitirdi\u011fi \u0130plik Mahallesi\u2019nin sakinleri, yeni muhtar\u0131 belirlemek i\u00e7in sand\u0131k ba\u015f\u0131na gitti. \u015euhut il\u00e7esinde 31 Mart 2024 Mahalli \u0130dareler Genel Se\u00e7imleri\u2019nde muhtar se\u00e7ilen Fehmi Metin Peynirci, ge\u00e7ti\u011fimiz haftalarda kansere yeni d\u00fc\u015ferek vefat etti. Peynirci\u2019nin vefat\u0131 sonras\u0131 224 se\u00e7menin bulunu\u011fu \u0130plik Mahallesi\u2019nin sakinleri, \u0130l\u00e7e Se\u00e7im Kurulu karar\u0131yla yeni muhtar\u0131 se\u00e7mek&#8230;<\/p>\n","protected":false},"author":1,"featured_media":10450,"comment_status":"open","ping_status":"open","sticky":false,"template":"","format":"standard","meta":{"_crdt_document":"","footnotes":""},"categories":[1],"tags":[],"class_list":["post-10449","post","type-post","status-publish","format-standard","has-post-thumbnail","hentry","category-guncel"],"_links":{"self":[{"href":"https:\/\/www.egemtv.com\/index.php?rest_route=\/wp\/v2\/posts\/10449","targetHints":{"allow":["GET"]}}],"collection":[{"href":"https:\/\/www.egemtv.com\/index.php?rest_route=\/wp\/v2\/posts"}],"about":[{"href":"https:\/\/www.egemtv.com\/index.php?rest_route=\/wp\/v2\/types\/post"}],"author":[{"embeddable":true,"href":"https:\/\/www.egemtv.com\/index.php?rest_route=\/wp\/v2\/users\/1"}],"replies":[{"embeddable":true,"href":"https:\/\/www.egemtv.com\/index.php?rest_route=%2Fwp%2Fv2%2Fcomments&post=10449"}],"version-history":[{"count":1,"href":"https:\/\/www.egemtv.com\/index.php?rest_route=\/wp\/v2\/posts\/10449\/revisions"}],"predecessor-version":[{"id":10451,"href":"https:\/\/www.egemtv.com\/index.php?rest_route=\/wp\/v2\/posts\/10449\/revisions\/10451"}],"wp:featuredmedia":[{"embeddable":true,"href":"https:\/\/www.egemtv.com\/index.php?rest_route=\/wp\/v2\/media\/10450"}],"wp:attachment":[{"href":"https:\/\/www.egemtv.com\/index.php?rest_route=%2Fwp%2Fv2%2Fmedia&parent=10449"}],"wp:term":[{"taxonomy":"category","embeddable":true,"href":"https:\/\/www.egemtv.com\/index.php?rest_route=%2Fwp%2Fv2%2Fcategories&post=10449"},{"taxonomy":"post_tag","embeddable":true,"href":"https:\/\/www.egemtv.com\/index.php?rest_route=%2Fwp%2Fv2%2Ftags&post=10449"}],"curies":[{"name":"wp","href":"https:\/\/api.w.org\/{rel}","templated":true}]}}