{"id":10446,"date":"2025-01-19T12:46:10","date_gmt":"2025-01-19T09:46:10","guid":{"rendered":"https:\/\/www.egemtv.com\/?p=10446"},"modified":"2025-01-19T12:46:11","modified_gmt":"2025-01-19T09:46:11","slug":"baskan-balabandan-uncubozkoye-ziyaret","status":"publish","type":"post","link":"https:\/\/www.egemtv.com\/?p=10446","title":{"rendered":"Ba\u015fkan Balaban\u2019dan Uncubozk\u00f6y\u2019e ziyaret"},"content":{"rendered":"<p>\u0130l\u00e7edeki mahalle ziyaretlerine devam eden Yunusemre Belediye Ba\u015fkan\u0131 Semih Balaban, Uncubozk\u00f6y\u2019de esnaf ve mahalle sakinleriyle bir araya geldi.<br \/>\n<br \/>G\u00f6reve ba\u015flad\u0131\u011f\u0131 g\u00fcnden bu yana \u2019Yunusemre Hepimizin\u2019 anlay\u0131\u015f\u0131yla g\u00f6rev yapan Yunusemre Belediye Ba\u015fkan\u0131 Semih Balaban, mahalle ziyaretleriyle vatanda\u015f\u0131n yan\u0131nda olmaya devam ediyor. Ziyaretlerine Uncubozk\u00f6y Mahallesi ile devam eden Ba\u015fkan Balaban, i\u015fyerlerini gezerek esnafa iyi kazan\u00e7lar diledi. Esnaf\u0131n ve mahalle sakinlerinin sorunlar\u0131yla yak\u0131ndan ilgilenen Ba\u015fkan Balaban, vatanda\u015f\u0131n taleplerini ise not ald\u0131. Ba\u015fkan Balaban\u2019\u0131 mahallelerinde g\u00f6ren vatanda\u015flar ise sevgi g\u00f6sterisinde bulundu. Kendisine g\u00f6sterilen sevgiden duydu\u011fu mutlulu\u011fu dile getiren Belediye Ba\u015fkan\u0131 Balaban, mahalle ziyaretlerine devam edeceklerini belirtti.<br \/><\/p>\n","protected":false},"excerpt":{"rendered":"<p>\u0130l\u00e7edeki mahalle ziyaretlerine devam eden Yunusemre Belediye Ba\u015fkan\u0131 Semih Balaban, Uncubozk\u00f6y\u2019de esnaf ve mahalle sakinleriyle bir araya geldi. G\u00f6reve ba\u015flad\u0131\u011f\u0131 g\u00fcnden bu yana \u2019Yunusemre Hepimizin\u2019 anlay\u0131\u015f\u0131yla g\u00f6rev yapan Yunusemre Belediye Ba\u015fkan\u0131 Semih Balaban, mahalle ziyaretleriyle vatanda\u015f\u0131n yan\u0131nda olmaya devam ediyor. Ziyaretlerine Uncubozk\u00f6y Mahallesi ile devam eden Ba\u015fkan Balaban, i\u015fyerlerini gezerek esnafa iyi kazan\u00e7lar diledi. Esnaf\u0131n&#8230;<\/p>\n","protected":false},"author":1,"featured_media":10447,"comment_status":"open","ping_status":"open","sticky":false,"template":"","format":"standard","meta":{"_crdt_document":"","footnotes":""},"categories":[127],"tags":[],"class_list":["post-10446","post","type-post","status-publish","format-standard","has-post-thumbnail","hentry","category-siyaset"],"_links":{"self":[{"href":"https:\/\/www.egemtv.com\/index.php?rest_route=\/wp\/v2\/posts\/10446","targetHints":{"allow":["GET"]}}],"collection":[{"href":"https:\/\/www.egemtv.com\/index.php?rest_route=\/wp\/v2\/posts"}],"about":[{"href":"https:\/\/www.egemtv.com\/index.php?rest_route=\/wp\/v2\/types\/post"}],"author":[{"embeddable":true,"href":"https:\/\/www.egemtv.com\/index.php?rest_route=\/wp\/v2\/users\/1"}],"replies":[{"embeddable":true,"href":"https:\/\/www.egemtv.com\/index.php?rest_route=%2Fwp%2Fv2%2Fcomments&post=10446"}],"version-history":[{"count":1,"href":"https:\/\/www.egemtv.com\/index.php?rest_route=\/wp\/v2\/posts\/10446\/revisions"}],"predecessor-version":[{"id":10448,"href":"https:\/\/www.egemtv.com\/index.php?rest_route=\/wp\/v2\/posts\/10446\/revisions\/10448"}],"wp:featuredmedia":[{"embeddable":true,"href":"https:\/\/www.egemtv.com\/index.php?rest_route=\/wp\/v2\/media\/10447"}],"wp:attachment":[{"href":"https:\/\/www.egemtv.com\/index.php?rest_route=%2Fwp%2Fv2%2Fmedia&parent=10446"}],"wp:term":[{"taxonomy":"category","embeddable":true,"href":"https:\/\/www.egemtv.com\/index.php?rest_route=%2Fwp%2Fv2%2Fcategories&post=10446"},{"taxonomy":"post_tag","embeddable":true,"href":"https:\/\/www.egemtv.com\/index.php?rest_route=%2Fwp%2Fv2%2Ftags&post=10446"}],"curies":[{"name":"wp","href":"https:\/\/api.w.org\/{rel}","templated":true}]}}