{"id":10443,"date":"2025-01-19T12:33:52","date_gmt":"2025-01-19T09:33:52","guid":{"rendered":"https:\/\/www.egemtv.com\/?p=10443"},"modified":"2025-01-19T12:33:54","modified_gmt":"2025-01-19T09:33:54","slug":"afyonkarahisarda-zincirlerime-trafik-kazasi-8-yarali","status":"publish","type":"post","link":"https:\/\/www.egemtv.com\/?p=10443","title":{"rendered":"Afyonkarahisar\u2019da zincirlerime trafik kazas\u0131 8 yaral\u0131"},"content":{"rendered":"<p>Afyonkarahisar\u2019da 4 otomobilin kar\u0131\u015ft\u0131\u011f\u0131 zincirleme trafik kazas\u0131nda 8 ki\u015fi yaralan\u0131rken, karayolunda trafik kaza nedeniyle durma noktas\u0131na geldi.<br \/>\n<br \/>Edinilen bilgilere g\u00f6re, Afyonkarahisar-Ankara kara yolu Akbel mevkisinde, \u0130.G., idaresindeki 41 LN 849 plakal\u0131 otomobil, Y.G. y\u00f6netimindeki 06 KH 130 plakal\u0131 otomobil, \u00dc.D\u2019nin kulland\u0131\u011f\u0131 06 CKK 861 plakal\u0131 otomobil ve H.Y. idaresindeki 60 AFL 826 plakal\u0131 otomobil zincirleme trafik kazas\u0131 yapt\u0131. Kazada, biri \u00e7ocuk 8 ki\u015fi yaraland\u0131.<br \/>\n<br \/>\u0130hbar \u00fczerine kaza yerine sa\u011fl\u0131k ve polis ekipleri sevk edildi. Ambulanslarla Afyonkarahisar\u2019daki hastanelere kald\u0131r\u0131lan yaral\u0131lar\u0131n hayati tehlikesinin bulunmad\u0131\u011f\u0131 \u00f6\u011frenildi.<br \/><\/p>\n","protected":false},"excerpt":{"rendered":"<p>Afyonkarahisar\u2019da 4 otomobilin kar\u0131\u015ft\u0131\u011f\u0131 zincirleme trafik kazas\u0131nda 8 ki\u015fi yaralan\u0131rken, karayolunda trafik kaza nedeniyle durma noktas\u0131na geldi. Edinilen bilgilere g\u00f6re, Afyonkarahisar-Ankara kara yolu Akbel mevkisinde, \u0130.G., idaresindeki 41 LN 849 plakal\u0131 otomobil, Y.G. y\u00f6netimindeki 06 KH 130 plakal\u0131 otomobil, \u00dc.D\u2019nin kulland\u0131\u011f\u0131 06 CKK 861 plakal\u0131 otomobil ve H.Y. idaresindeki 60 AFL 826 plakal\u0131 otomobil zincirleme&#8230;<\/p>\n","protected":false},"author":1,"featured_media":10444,"comment_status":"open","ping_status":"open","sticky":false,"template":"","format":"standard","meta":{"_crdt_document":"","footnotes":""},"categories":[5],"tags":[],"class_list":["post-10443","post","type-post","status-publish","format-standard","has-post-thumbnail","hentry","category-asayis"],"_links":{"self":[{"href":"https:\/\/www.egemtv.com\/index.php?rest_route=\/wp\/v2\/posts\/10443","targetHints":{"allow":["GET"]}}],"collection":[{"href":"https:\/\/www.egemtv.com\/index.php?rest_route=\/wp\/v2\/posts"}],"about":[{"href":"https:\/\/www.egemtv.com\/index.php?rest_route=\/wp\/v2\/types\/post"}],"author":[{"embeddable":true,"href":"https:\/\/www.egemtv.com\/index.php?rest_route=\/wp\/v2\/users\/1"}],"replies":[{"embeddable":true,"href":"https:\/\/www.egemtv.com\/index.php?rest_route=%2Fwp%2Fv2%2Fcomments&post=10443"}],"version-history":[{"count":1,"href":"https:\/\/www.egemtv.com\/index.php?rest_route=\/wp\/v2\/posts\/10443\/revisions"}],"predecessor-version":[{"id":10445,"href":"https:\/\/www.egemtv.com\/index.php?rest_route=\/wp\/v2\/posts\/10443\/revisions\/10445"}],"wp:featuredmedia":[{"embeddable":true,"href":"https:\/\/www.egemtv.com\/index.php?rest_route=\/wp\/v2\/media\/10444"}],"wp:attachment":[{"href":"https:\/\/www.egemtv.com\/index.php?rest_route=%2Fwp%2Fv2%2Fmedia&parent=10443"}],"wp:term":[{"taxonomy":"category","embeddable":true,"href":"https:\/\/www.egemtv.com\/index.php?rest_route=%2Fwp%2Fv2%2Fcategories&post=10443"},{"taxonomy":"post_tag","embeddable":true,"href":"https:\/\/www.egemtv.com\/index.php?rest_route=%2Fwp%2Fv2%2Ftags&post=10443"}],"curies":[{"name":"wp","href":"https:\/\/api.w.org\/{rel}","templated":true}]}}