{"id":10392,"date":"2025-01-19T09:52:10","date_gmt":"2025-01-19T06:52:10","guid":{"rendered":"https:\/\/www.egemtv.com\/?p=10392"},"modified":"2025-01-19T09:52:12","modified_gmt":"2025-01-19T06:52:12","slug":"buyuksehirden-cocuklar-icin-dopdolu-tatil-programi","status":"publish","type":"post","link":"https:\/\/www.egemtv.com\/?p=10392","title":{"rendered":"B\u00fcy\u00fck\u015fehir\u2019den \u00e7ocuklar i\u00e7in dopdolu tatil program\u0131"},"content":{"rendered":"<p>\u0130zmir B\u00fcy\u00fck\u015fehir Belediyesi yar\u0131y\u0131l tatilinde \u00e7ocuk at\u00f6lyeleri ve oyun odalar\u0131ndan hizmet alan \u00e7ocuklara y\u00f6nelik pek \u00e7ok etkinlik d\u00fczenledi. Bilim, tarih ve oyunlarla i\u00e7 i\u00e7e ge\u00e7ecek etkinlikler, \u00e7ocuklara hem keyifli anlar ya\u015fatacak hem de onlar\u0131 d\u00fc\u015f\u00fcnmeye sevk edecek.<br \/>\n<br \/>\u00d6\u011frencilerin s\u00f6mestir tatili, \u0130zmir B\u00fcy\u00fck\u015fehir Belediyesi\u2019nin d\u00fczenledi\u011fi birbirinden farkl\u0131 etkinliklerle dopdolu ge\u00e7ecek. B\u00fcy\u00fck\u015fehir\u2019e ba\u011fl\u0131 \u00e7ocuk at\u00f6lyeleri ve oyun odalar\u0131ndan y\u0131l boyunca hizmet alan \u00e7ocuklar, 20 Ocak-31 Ocak tarihleri aras\u0131nda bir\u00e7ok farkl\u0131 etkinli\u011fe kat\u0131lacak. Geziler, \u00e7ocuklar\u0131 bilim, tarih ve e\u011flence yolculu\u011funa \u00e7\u0131karacak. 20 Ocak g\u00fcn\u00fc saat 10.30\u2019da, Buca\u2019da bulunan Ters Ev\u2019e e\u011flenceli bir gezi d\u00fczenlenecek. Buca Ters Ev; mobilyalar\u0131n, dekorasyon unsurlar\u0131n\u0131n ve e\u015fyalar\u0131n tamamen tavanda bulundu\u011fu bir konsept ev olarak dikkat \u00e7ekiyor. Evin i\u00e7inde gezenler, kendilerini bir yer\u00e7ekimi oyununun tam ortas\u0131nda hissetmi\u015f oluyor. 21 Ocak g\u00fcn\u00fc saat 14.00\u2019te ise Atat\u00fcrk M\u00fczesi gezisi yap\u0131lacak. \u00c7ocuklara Atat\u00fcrk\u2019\u00fcn hayat\u0131 anlat\u0131larak m\u00fczede bulunan foto\u011fraflar, Atat\u00fcrk\u2019\u00fcn giysileri, kulland\u0131\u011f\u0131 e\u015fyalar, Kurtulu\u015f Sava\u015f\u0131 ve ink\u0131laplarla ilgili belgeler incelenecek.<\/p>\n<p>Ege \u00dcniversitesi Tabiat Tarihi ve Ara\u015ft\u0131rma M\u00fczesi gezisi<br \/>\n<br \/>21 Ocak g\u00fcn\u00fc saat 13.00\u2019te, 23 Ocak g\u00fcn\u00fc saat 14.00\u2019te ve 30 Ocak g\u00fcn\u00fc saat 13.30\u2019da 3. ve 4. s\u0131n\u0131f \u00f6\u011frencilerine y\u00f6nelik Ege \u00dcniversitesi Tabiat Tarihi ve Ara\u015ft\u0131rma M\u00fczesi gezisi d\u00fczenlenecek. T\u00fcm do\u011fa tarihi ve do\u011fa zenginliklerinin topland\u0131\u011f\u0131, korundu\u011fu g\u00f6rsel ve bilimsel bir ortam olan, okula giden her \u00e7ocu\u011fun bilimsel merak ve sorular\u0131na yan\u0131t bulaca\u011f\u0131 Ege \u00dcniversitesi Tabiat Tarihi ve Ara\u015ft\u0131rma M\u00fczesi, \u00fclkenin bu alandaki \u00f6nemli merkezlerinden biri olarak \u00f6ne \u00e7\u0131k\u0131yor. Kaya\u00e7lar, fosiller, ku\u015f galerisi ve dinozor maketi, \u00e7ocuklar\u0131n bilime olan meraklar\u0131n\u0131 art\u0131racak.<\/p>\n<p>Menemen Oyun K\u00f6y\u00fc\u2019ne e\u011flenceli gezi<br \/>\n<br \/>21 Ocak g\u00fcn\u00fc saat 11.00\u2019de d\u00fczenlenecek Menemen Oyun K\u00f6y\u00fc gezisinde, \u00e7ocuklar keyifli anlar ya\u015fama f\u0131rsat\u0131 yakalayacak. Bu gezi ile \u00e7ocuklara geri d\u00f6n\u00fc\u015f\u00fcm ve \u00e7evreyi temiz tutma, meslekleri deneyimleme, el becerisi ve motor becerilerini geli\u015ftirebilme gibi kazan\u0131mlar a\u015f\u0131lanacak.<\/p>\n<p>\u00c7ocuk m\u00fczesi ve Agora gezisi<br \/>\n<br \/>27 Ocak g\u00fcn\u00fc saat 10.30\u2019da, \u00dcmran Baradan \u00c7ocuk M\u00fczesi gezilecek. M\u00fcze, tarihi ve k\u00fclt\u00fcrel \u00f6neme sahip oyuncaklar\u0131 sergileyerek ziyaret\u00e7ilerine e\u011flenceli ve e\u011fitici bir deneyim ya\u015fat\u0131yor. Hem \u00e7ocuklar\u0131 hem de yeti\u015fkinleri \u00e7eken m\u00fcze; oyuncaklar\u0131n geli\u015fimi, k\u00fclt\u00fcrel ba\u011flant\u0131lar\u0131 ve insan deneyimi hakk\u0131nda bilgi edinmek i\u00e7in gezilmesi gereken \u00f6nemli m\u00fczelerden biri olarak \u00f6ne \u00e7\u0131k\u0131yor. Agora \u00d6ren Yeri gezisi ise 28 Ocak g\u00fcn\u00fc saat 14.30\u2019da yap\u0131lacak. \u00c7ocuklar ve aileleri bu gezi ile Antik \u00c7a\u011f kronolojisini ve co\u011frafyas\u0131n\u0131, uygarl\u0131klar\u0131n belirleyici \u00f6zelliklerini irdeleyecek.<\/p>\n<p>Sancar Maruflu Bilim Merkezi gezisi<br \/>\n<br \/>Sancar Maruflu Bilim Merkezi gezisi ise 28 Ocak g\u00fcn\u00fc saat 14.00\u2019te ve 29 Ocak g\u00fcn\u00fc saat 15.30\u2019da 3, 4, 5, 6 ve 7. s\u0131n\u0131f \u00f6\u011frencilerine y\u00f6nelik olacak. Uzay\u0131 ve g\u00f6k cisimlerini merak edenler, planetaryumda yeni bilgiler \u00f6\u011frenecek. \u00c7ocuklar\u0131n bilgiyi ve bilimi keyif alarak \u00f6\u011frenmeleri i\u00e7in yap\u0131lan gezide; fizik, elektronik, optik, robotik kodlama, manyetik konular\u0131nda \u00e7e\u015fitli at\u00f6lyeler yap\u0131lacak. \u00c7ocuklar, farkl\u0131 deneylerle hem e\u011flenecek hem de birebir \u00f6\u011frenme deneyimini ya\u015fayacak.<\/p>\n<p>Fark\u0131ndal\u0131k olu\u015fturulacak<br \/>\n<br \/>Limontepe Fark\u0131ndal\u0131k Merkezi gezisi ise 29 Ocak g\u00fcn\u00fc saat 09.30\u2019da, 31 Ocak g\u00fcn\u00fc ise saat 10.00\u2019da ger\u00e7ekle\u015ftirilecek. 3, 4, 5, 6, 7 ve 8. s\u0131n\u0131f \u00f6\u011frencilerinin kat\u0131laca\u011f\u0131 gezi, engelli bireylerin toplumsal ya\u015famda kar\u015f\u0131la\u015ft\u0131klar\u0131 s\u0131k\u0131nt\u0131lar\u0131 ve engelleri tan\u0131tacak. Kat\u0131l\u0131mc\u0131lar\u0131n bu durumlar\u0131 deneyimleyerek empati geli\u015ftirmesi, engellilik alan\u0131ndaki sorumluluklar\u0131 \u00f6\u011frenmesi, zorluklar\u0131 hissetmesi ve bilin\u00e7lenmesi ama\u00e7lan\u0131yor.<\/p>\n<p>S\u0131f\u0131r Karbon Noktas\u0131<br \/>\n<br \/>29 Ocak g\u00fcn\u00fc saat 10.30\u2019da T\u00fcrkiye E\u011fitim G\u00f6n\u00fcll\u00fcleri Vakf\u0131 (TEGV) Bayrakl\u0131\u2019da bir gezi organize edilecek. Gezide, \u00e7ocuklar\u0131n 3 boyutlu d\u00fc\u015f\u00fcnmeye katk\u0131da bulunulmas\u0131 sa\u011flanacak. 31 Ocak g\u00fcn\u00fc saat 13.30\u2019da da Kar\u015f\u0131yaka\u2019da bulunan S\u0131f\u0131r Karbon Noktas\u0131\u2019na gezi d\u00fczenlenecek. Gezide, \u00f6\u011frencilerin temiz enerji ve iklim de\u011fi\u015fikli\u011fi konusunda bilin\u00e7lenmesi ama\u00e7lan\u0131yor.<br \/><\/p>\n","protected":false},"excerpt":{"rendered":"<p>\u0130zmir B\u00fcy\u00fck\u015fehir Belediyesi yar\u0131y\u0131l tatilinde \u00e7ocuk at\u00f6lyeleri ve oyun odalar\u0131ndan hizmet alan \u00e7ocuklara y\u00f6nelik pek \u00e7ok etkinlik d\u00fczenledi. Bilim, tarih ve oyunlarla i\u00e7 i\u00e7e ge\u00e7ecek etkinlikler, \u00e7ocuklara hem keyifli anlar ya\u015fatacak hem de onlar\u0131 d\u00fc\u015f\u00fcnmeye sevk edecek. \u00d6\u011frencilerin s\u00f6mestir tatili, \u0130zmir B\u00fcy\u00fck\u015fehir Belediyesi\u2019nin d\u00fczenledi\u011fi birbirinden farkl\u0131 etkinliklerle dopdolu ge\u00e7ecek. B\u00fcy\u00fck\u015fehir\u2019e ba\u011fl\u0131 \u00e7ocuk at\u00f6lyeleri ve oyun&#8230;<\/p>\n","protected":false},"author":1,"featured_media":10393,"comment_status":"open","ping_status":"open","sticky":false,"template":"","format":"standard","meta":{"_crdt_document":"","footnotes":""},"categories":[1],"tags":[],"class_list":["post-10392","post","type-post","status-publish","format-standard","has-post-thumbnail","hentry","category-guncel"],"_links":{"self":[{"href":"https:\/\/www.egemtv.com\/index.php?rest_route=\/wp\/v2\/posts\/10392","targetHints":{"allow":["GET"]}}],"collection":[{"href":"https:\/\/www.egemtv.com\/index.php?rest_route=\/wp\/v2\/posts"}],"about":[{"href":"https:\/\/www.egemtv.com\/index.php?rest_route=\/wp\/v2\/types\/post"}],"author":[{"embeddable":true,"href":"https:\/\/www.egemtv.com\/index.php?rest_route=\/wp\/v2\/users\/1"}],"replies":[{"embeddable":true,"href":"https:\/\/www.egemtv.com\/index.php?rest_route=%2Fwp%2Fv2%2Fcomments&post=10392"}],"version-history":[{"count":1,"href":"https:\/\/www.egemtv.com\/index.php?rest_route=\/wp\/v2\/posts\/10392\/revisions"}],"predecessor-version":[{"id":10394,"href":"https:\/\/www.egemtv.com\/index.php?rest_route=\/wp\/v2\/posts\/10392\/revisions\/10394"}],"wp:featuredmedia":[{"embeddable":true,"href":"https:\/\/www.egemtv.com\/index.php?rest_route=\/wp\/v2\/media\/10393"}],"wp:attachment":[{"href":"https:\/\/www.egemtv.com\/index.php?rest_route=%2Fwp%2Fv2%2Fmedia&parent=10392"}],"wp:term":[{"taxonomy":"category","embeddable":true,"href":"https:\/\/www.egemtv.com\/index.php?rest_route=%2Fwp%2Fv2%2Fcategories&post=10392"},{"taxonomy":"post_tag","embeddable":true,"href":"https:\/\/www.egemtv.com\/index.php?rest_route=%2Fwp%2Fv2%2Ftags&post=10392"}],"curies":[{"name":"wp","href":"https:\/\/api.w.org\/{rel}","templated":true}]}}