{"id":10389,"date":"2025-01-19T09:46:05","date_gmt":"2025-01-19T06:46:05","guid":{"rendered":"https:\/\/www.egemtv.com\/?p=10389"},"modified":"2025-01-19T09:46:07","modified_gmt":"2025-01-19T06:46:07","slug":"o-aslinda-universite-mezunu-havaci","status":"publish","type":"post","link":"https:\/\/www.egemtv.com\/?p=10389","title":{"rendered":"O asl\u0131nda \u00fcniversite mezunu havac\u0131"},"content":{"rendered":"<p>Zeytin a\u011fac\u0131 varl\u0131\u011f\u0131 en \u00e7ok olan illerden Ayd\u0131n\u2019daki zeytin bah\u00e7elerinde sezon hareketlili\u011fi s\u00fcrereken, ata miras\u0131 topraklar\u0131 i\u015fleyerek ya\u015f\u0131tlar\u0131na \u00f6rnek olan 27 ya\u015f\u0131ndaki Mehmet Bu\u011frahan Demir, gerek \u00e7al\u0131\u015fkanl\u0131\u011f\u0131 gerekse tar\u0131ma ve topra\u011fa olan d\u00fc\u015fk\u00fcnl\u00fc\u011f\u00fc ile ya\u015f\u0131tlar\u0131na \u00f6rnek oluyor. As\u0131l mesle\u011fi havac\u0131l\u0131k olan ancak ata mesle\u011fi \u00e7ift\u00e7ili\u011fe de sahip \u00e7\u0131k\u0131p topra\u011f\u0131 i\u015flemekten vazge\u00e7meyen Demir, sabah\u0131n ilk \u0131\u015f\u0131klar\u0131yla birlikte gitti\u011fi bah\u00e7esinde zeytinleri hasat edip hem kendi ekonomisine hem de \u00fclke ekonomisine katk\u0131 sa\u011fl\u0131yor.<\/p>\n<p>Ayd\u0131n\u2019\u0131n Ko\u00e7arl\u0131 il\u00e7esinde ya\u015fayan 27 ya\u015f\u0131ndaki Mehmet Bu\u011frahan Demir, ata miras\u0131 zeytin bah\u00e7elerini i\u015fleyerek ya\u015f\u0131tlar\u0131na \u00f6rnek oluyor. Zeytin a\u011fac\u0131n\u0131n en \u00e7ok bulundu\u011fu illerden Ayd\u0131n\u2019daki bah\u00e7elerinde sezonun hareketlili\u011fi s\u00fcrerken, Demir sabah\u0131n ilk \u0131\u015f\u0131klar\u0131yla birlikte trakt\u00f6r\u00fcne binip zeytinlerini toplamaya ba\u015fl\u0131yor. \u00dcniversiteden mezun olduktan sonra \u015fehir hayat\u0131n\u0131 terk eden Demir, k\u00f6y\u00fcne d\u00f6nerek ba\u011f\u0131n\u0131 hi\u00e7 koparmad\u0131\u011f\u0131 tar\u0131m ve hayvanc\u0131l\u0131k i\u015flerine yeniden el att\u0131. Sivil havac\u0131l\u0131k mezunu olan Demir, \u015fehirde \u00e7e\u015fitli i\u015fler yapt\u0131ktan sonra, do\u011fup b\u00fcy\u00fcd\u00fc\u011f\u00fc k\u00f6yde \u00e7ift\u00e7ilik yapmaya karar verdi\u011fini belirterek k\u0131rsal kesimde yeti\u015fen gen\u00e7lerin de ne olursa olsun tar\u0131m ve hayvanc\u0131l\u0131\u011f\u0131 unutmamas\u0131n\u0131 \u00f6nerdi.<\/p>\n<p>Zeytin sezonuyla birlikte yo\u011funluklar\u0131n\u0131n artt\u0131\u011f\u0131n\u0131 s\u00f6yleyen Demir, bu y\u0131l ya\u015fanan kurakl\u0131\u011f\u0131n zeytin sezonunu da etkiledi\u011fini ve zeytinlerin k\u00fc\u00e7\u00fck kald\u0131\u011f\u0131n\u0131 ifade ederek \u201cBu sene sezon ge\u00e7 ba\u015flad\u0131, ya\u011fmurlar ge\u00e7 kald\u0131. Ya\u011fmur olmay\u0131nca zeytinler de bekledi\u011fi suyu alamad\u0131 ve k\u00fc\u00e7\u00fck kald\u0131. Kurakl\u0131k sebebiyle fazla b\u00fcy\u00fcmedi. Ya\u011f oran\u0131 da \u00e7ok d\u00fc\u015f\u00fck. Bu sene 12 kiloda 1 kilo ya\u011f ald\u0131\u011f\u0131m\u0131z oluyor. Ge\u00e7en sene 6 kiloda 1 ald\u0131\u011f\u0131m yerde bu sene  ya\u011f verim oran\u0131 \u00e7ok d\u00fc\u015ft\u00fc. Ancak ya\u011fdaki asit oran\u0131 m\u00fckemmel. Ya\u011f fiyatlar\u0131 d\u00fc\u015f\u00fck. San\u0131r\u0131m t\u00fcccar ve toptanc\u0131 oyunu var. Bu nedenle toptan sat\u0131\u015f\u0131 \u015fu anda tercih etmiyoruz&#8221; dedi.<\/p>\n<p>\u201cKendi yelerimi i\u015flemeyi tercih ettim\u201d<br \/>\n<br \/>\u0130stanbul\u2019da bir \u00fcniversiteden sivil havac\u0131l\u0131k mezunu olan Mehmet Bu\u011frahan Demir, art\u0131k bir \u00e7ok gencin kente \u00e7al\u0131\u015fmak istedi\u011fini ifade ederek \u201c\u00dcniversiteden sivil havac\u0131l\u0131k mezunuyum. Mezun olduktan sonra ba\u015fka i\u015fler yapt\u0131m ama sonra k\u00f6y\u00fcme geri d\u00f6nd\u00fcm. \u015eimdi de hayvanc\u0131l\u0131k ve \u00e7ift\u00e7ilik yap\u0131yorum. Bir yerde asgari \u00fccretle \u00e7al\u0131\u015fmak var, bir de kendi yerini i\u015flemek var. Kendi yerlerimiz vard\u0131 \u00e7ok \u015f\u00fck\u00fcr. Ben de yerlerimizi i\u015flemeye karar verdim. Benim gibi olan bir\u00e7ok gen\u00e7 var buralarda ama yeri olup da kentlerde \u00e7al\u0131\u015fmay\u0131 tercih edenler de var. Art\u0131k topraktan uzakla\u015f\u0131yor bir \u00e7ok gen\u00e7 ama asl\u0131nda topra\u011fa d\u00f6nmeli ve bu i\u015fleri devam ettirmeliyiz\u201d dedi.<br \/><\/p>\n","protected":false},"excerpt":{"rendered":"<p>Zeytin a\u011fac\u0131 varl\u0131\u011f\u0131 en \u00e7ok olan illerden Ayd\u0131n\u2019daki zeytin bah\u00e7elerinde sezon hareketlili\u011fi s\u00fcrereken, ata miras\u0131 topraklar\u0131 i\u015fleyerek ya\u015f\u0131tlar\u0131na \u00f6rnek olan 27 ya\u015f\u0131ndaki Mehmet Bu\u011frahan Demir, gerek \u00e7al\u0131\u015fkanl\u0131\u011f\u0131 gerekse tar\u0131ma ve topra\u011fa olan d\u00fc\u015fk\u00fcnl\u00fc\u011f\u00fc ile ya\u015f\u0131tlar\u0131na \u00f6rnek oluyor. As\u0131l mesle\u011fi havac\u0131l\u0131k olan ancak ata mesle\u011fi \u00e7ift\u00e7ili\u011fe de sahip \u00e7\u0131k\u0131p topra\u011f\u0131 i\u015flemekten vazge\u00e7meyen Demir, sabah\u0131n ilk \u0131\u015f\u0131klar\u0131yla&#8230;<\/p>\n","protected":false},"author":1,"featured_media":10390,"comment_status":"open","ping_status":"open","sticky":false,"template":"","format":"standard","meta":{"_crdt_document":"","footnotes":""},"categories":[123],"tags":[],"class_list":["post-10389","post","type-post","status-publish","format-standard","has-post-thumbnail","hentry","category-gundem"],"_links":{"self":[{"href":"https:\/\/www.egemtv.com\/index.php?rest_route=\/wp\/v2\/posts\/10389","targetHints":{"allow":["GET"]}}],"collection":[{"href":"https:\/\/www.egemtv.com\/index.php?rest_route=\/wp\/v2\/posts"}],"about":[{"href":"https:\/\/www.egemtv.com\/index.php?rest_route=\/wp\/v2\/types\/post"}],"author":[{"embeddable":true,"href":"https:\/\/www.egemtv.com\/index.php?rest_route=\/wp\/v2\/users\/1"}],"replies":[{"embeddable":true,"href":"https:\/\/www.egemtv.com\/index.php?rest_route=%2Fwp%2Fv2%2Fcomments&post=10389"}],"version-history":[{"count":1,"href":"https:\/\/www.egemtv.com\/index.php?rest_route=\/wp\/v2\/posts\/10389\/revisions"}],"predecessor-version":[{"id":10391,"href":"https:\/\/www.egemtv.com\/index.php?rest_route=\/wp\/v2\/posts\/10389\/revisions\/10391"}],"wp:featuredmedia":[{"embeddable":true,"href":"https:\/\/www.egemtv.com\/index.php?rest_route=\/wp\/v2\/media\/10390"}],"wp:attachment":[{"href":"https:\/\/www.egemtv.com\/index.php?rest_route=%2Fwp%2Fv2%2Fmedia&parent=10389"}],"wp:term":[{"taxonomy":"category","embeddable":true,"href":"https:\/\/www.egemtv.com\/index.php?rest_route=%2Fwp%2Fv2%2Fcategories&post=10389"},{"taxonomy":"post_tag","embeddable":true,"href":"https:\/\/www.egemtv.com\/index.php?rest_route=%2Fwp%2Fv2%2Ftags&post=10389"}],"curies":[{"name":"wp","href":"https:\/\/api.w.org\/{rel}","templated":true}]}}