{"id":10314,"date":"2025-01-18T15:10:41","date_gmt":"2025-01-18T12:10:41","guid":{"rendered":"https:\/\/www.egemtv.com\/?p=10314"},"modified":"2025-01-18T15:10:43","modified_gmt":"2025-01-18T12:10:43","slug":"belediye-goruntu-kirliligi-olusturan-yazilari-temizliyor","status":"publish","type":"post","link":"https:\/\/www.egemtv.com\/?p=10314","title":{"rendered":"Belediye, g\u00f6r\u00fcnt\u00fc kirlili\u011fi olu\u015fturan yaz\u0131lar\u0131 temizliyor"},"content":{"rendered":"<p>Mu\u011fla\u2019n\u0131n Bodrum il\u00e7esinde g\u00f6r\u00fcnt\u00fc kirlili\u011fi olu\u015fturan duvar yaz\u0131lar\u0131 ve \u00e7izimleri belediye ekiplerince temizleniyor.<\/p>\n<p>Bodrum Belediyesi Destek Hizmetleri M\u00fcd\u00fcrl\u00fc\u011f\u00fcne ba\u011fl\u0131 ekipler, kamuya a\u00e7\u0131k alanlarda g\u00f6r\u00fcnt\u00fc kirlili\u011fi olu\u015fturan duvar yaz\u0131lar\u0131 ve \u00e7izimleri ile ilgili temizlik \u00e7al\u0131\u015fmas\u0131 yap\u0131yor. Bilin\u00e7sizce yaz\u0131lan yaz\u0131lar ve \u00e7izimler boyanarak duvarlar\u0131n temiz bir g\u00f6r\u00fcn\u00fcme kavu\u015fmas\u0131 sa\u011flan\u0131yor. Bodrum\u2019un sembolik renklerinin kullan\u0131ld\u0131\u011f\u0131 \u00e7al\u0131\u015fmada duvarlar beyaza, panolar ise maviye boyan\u0131yor.<\/p>\n<p>Vatanda\u015flar, mahalle ve sokaklarda g\u00f6r\u00fcnt\u00fc kirlili\u011fine yol a\u00e7an duvar yaz\u0131lar\u0131 ve \u00e7izimleri ile ilgili olarak 444 00 48 numaral\u0131 \u00c7a\u011fr\u0131 Merkezinden veya WhatsApp hatt\u0131ndan bilgi verebilecek, g\u00f6r\u00fcnt\u00fc kirlili\u011fine sebep olan \u015fah\u0131slar\u0131 foto\u011fraf veya videolarla destekleyerek ihbarda bulunabilecek.<br \/>\n<br \/>Ekipler parklar, yol kenarlar\u0131 ve ara sokaklarda g\u00f6r\u00fcnt\u00fc kirlili\u011fine sebep olan yaz\u0131lar\u0131n temizlenmesi i\u00e7in \u00e7al\u0131\u015fmalar\u0131n\u0131 s\u00fcrd\u00fcrecek.<br \/><\/p>\n","protected":false},"excerpt":{"rendered":"<p>Mu\u011fla\u2019n\u0131n Bodrum il\u00e7esinde g\u00f6r\u00fcnt\u00fc kirlili\u011fi olu\u015fturan duvar yaz\u0131lar\u0131 ve \u00e7izimleri belediye ekiplerince temizleniyor. Bodrum Belediyesi Destek Hizmetleri M\u00fcd\u00fcrl\u00fc\u011f\u00fcne ba\u011fl\u0131 ekipler, kamuya a\u00e7\u0131k alanlarda g\u00f6r\u00fcnt\u00fc kirlili\u011fi olu\u015fturan duvar yaz\u0131lar\u0131 ve \u00e7izimleri ile ilgili temizlik \u00e7al\u0131\u015fmas\u0131 yap\u0131yor. Bilin\u00e7sizce yaz\u0131lan yaz\u0131lar ve \u00e7izimler boyanarak duvarlar\u0131n temiz bir g\u00f6r\u00fcn\u00fcme kavu\u015fmas\u0131 sa\u011flan\u0131yor. Bodrum\u2019un sembolik renklerinin kullan\u0131ld\u0131\u011f\u0131 \u00e7al\u0131\u015fmada duvarlar beyaza, panolar&#8230;<\/p>\n","protected":false},"author":1,"featured_media":10315,"comment_status":"open","ping_status":"open","sticky":false,"template":"","format":"standard","meta":{"_crdt_document":"","footnotes":""},"categories":[1],"tags":[],"class_list":["post-10314","post","type-post","status-publish","format-standard","has-post-thumbnail","hentry","category-guncel"],"_links":{"self":[{"href":"https:\/\/www.egemtv.com\/index.php?rest_route=\/wp\/v2\/posts\/10314","targetHints":{"allow":["GET"]}}],"collection":[{"href":"https:\/\/www.egemtv.com\/index.php?rest_route=\/wp\/v2\/posts"}],"about":[{"href":"https:\/\/www.egemtv.com\/index.php?rest_route=\/wp\/v2\/types\/post"}],"author":[{"embeddable":true,"href":"https:\/\/www.egemtv.com\/index.php?rest_route=\/wp\/v2\/users\/1"}],"replies":[{"embeddable":true,"href":"https:\/\/www.egemtv.com\/index.php?rest_route=%2Fwp%2Fv2%2Fcomments&post=10314"}],"version-history":[{"count":1,"href":"https:\/\/www.egemtv.com\/index.php?rest_route=\/wp\/v2\/posts\/10314\/revisions"}],"predecessor-version":[{"id":10316,"href":"https:\/\/www.egemtv.com\/index.php?rest_route=\/wp\/v2\/posts\/10314\/revisions\/10316"}],"wp:featuredmedia":[{"embeddable":true,"href":"https:\/\/www.egemtv.com\/index.php?rest_route=\/wp\/v2\/media\/10315"}],"wp:attachment":[{"href":"https:\/\/www.egemtv.com\/index.php?rest_route=%2Fwp%2Fv2%2Fmedia&parent=10314"}],"wp:term":[{"taxonomy":"category","embeddable":true,"href":"https:\/\/www.egemtv.com\/index.php?rest_route=%2Fwp%2Fv2%2Fcategories&post=10314"},{"taxonomy":"post_tag","embeddable":true,"href":"https:\/\/www.egemtv.com\/index.php?rest_route=%2Fwp%2Fv2%2Ftags&post=10314"}],"curies":[{"name":"wp","href":"https:\/\/api.w.org\/{rel}","templated":true}]}}