{"id":10311,"date":"2025-01-18T15:07:44","date_gmt":"2025-01-18T12:07:44","guid":{"rendered":"https:\/\/www.egemtv.com\/?p=10311"},"modified":"2025-01-18T15:07:47","modified_gmt":"2025-01-18T12:07:47","slug":"kusadasindaki-soyleside-ataturk-konusuldu","status":"publish","type":"post","link":"https:\/\/www.egemtv.com\/?p=10311","title":{"rendered":"Ku\u015fadas\u0131\u2019ndaki s\u00f6yle\u015fide Atat\u00fcrk konu\u015fuldu"},"content":{"rendered":"<p>Ku\u015fadas\u0131 Belediyesi, tarih\u00e7i ve yazar Sinan Meydan\u2019\u0131n \u201cAtat\u00fcrk\u2019\u00fcn Ak\u0131ll\u0131 Projeleri\u201d isimli s\u00f6yle\u015fi ve imza g\u00fcn\u00fcne ev sahipli\u011fi yapt\u0131.<\/p>\n<p>Etkinlikte, Sinan Meydan taraf\u0131ndan Atat\u00fcrk\u2019\u00fcn dehas\u0131, Cumhuriyet\u2019in ilan\u0131 ile kurulan T\u00fcrkiye\u2019nin h\u0131zla y\u00fckseli\u015fi ve elde edilen kazan\u0131mlar anlat\u0131ld\u0131.<br \/>\n<br \/>CHP \u0130l\u00e7e \u00d6rg\u00fct\u00fc taraf\u0131ndan Ku\u015fadas\u0131 Pera D\u00fc\u011f\u00fcn, Organizasyon ve K\u00fclt\u00fcr Merkezi\u2019nde d\u00fczenlenen \u201cAtat\u00fcrk\u2019\u00fcn Ak\u0131ll\u0131 Projeleri\u201d s\u00f6yle\u015fisine vatanda\u015flar yo\u011fun ilgi g\u00f6sterdi. Etkinli\u011fe Ku\u015fadas\u0131 Belediye Ba\u015fkan\u0131 \u00d6mer G\u00fcnel, belediye ba\u015fkan yard\u0131mc\u0131lar\u0131 ve meclis \u00fcyeleri, CHP Ku\u015fadas\u0131 \u0130l\u00e7e \u00d6rg\u00fct\u00fc Ba\u015fkan\u0131 Mehmet G\u00fcrbilek, CHP Ku\u015fadas\u0131 Kad\u0131n Kollar\u0131 Ba\u015fkan\u0131 Nilg\u00fcn Ye\u015fil\u00e7imen, CHP Ku\u015fadas\u0131 Gen\u00e7lik Kollar\u0131 Ba\u015fkan\u0131 Tu\u011f\u00e7e \u00d6lk\u00fc de kat\u0131ld\u0131.<\/p>\n<p>Etkinli\u011fin ba\u015flang\u0131c\u0131nda, tarih\u00e7i ve yazar Sinan Meydan taraf\u0131ndan dinleyicilere Atat\u00fcrk\u2019\u00fcn hayat hikayesi, sahip oldu\u011fu deha, hayata bak\u0131\u015f a\u00e7\u0131s\u0131 ve ileri g\u00f6r\u00fc\u015fl\u00fcl\u00fc\u011f\u00fcyle ilgili bilgi verildi. Daha sonra ise Kurtulu\u015f Sava\u015f\u0131\u2019n\u0131n kazan\u0131lmas\u0131n\u0131n ard\u0131ndan Cumhuriyet\u2019in ilan\u0131yla yap\u0131lan devrimler g\u00f6rsel bir sunum e\u015fli\u011finde kat\u0131l\u0131mc\u0131lara aktar\u0131ld\u0131. Fabrikalar\u0131n kurulmas\u0131ndan, \u00fclkenin demir a\u011flarla \u00f6r\u00fclmesine, d\u00fcnyaya \u00f6nc\u00fcl\u00fck eden kad\u0131n haklar\u0131 devrimlerinden, d\u0131\u015fa ba\u011f\u0131ml\u0131l\u0131\u011f\u0131 bitiren ekonomi politikalar\u0131na kadar Atat\u00fcrk\u2019\u00fcn Ak\u0131ll\u0131 Projeleri\u2019nin ne oldu\u011funa yer verilen program dikkatle takip edildi.<\/p>\n<p>Etkinli\u011fin sonunda sevenleri i\u00e7in kitaplar\u0131n\u0131 imzalayan Meydan\u2019a, Ba\u015fkan G\u00fcnel ve CHP Ku\u015fadas\u0131 \u0130l\u00e7e \u00d6rg\u00fct\u00fc Ba\u015fkan\u0131 G\u00fcrbilek taraf\u0131ndan te\u015fekk\u00fcr plaketi verildi.<br \/><\/p>\n","protected":false},"excerpt":{"rendered":"<p>Ku\u015fadas\u0131 Belediyesi, tarih\u00e7i ve yazar Sinan Meydan\u2019\u0131n \u201cAtat\u00fcrk\u2019\u00fcn Ak\u0131ll\u0131 Projeleri\u201d isimli s\u00f6yle\u015fi ve imza g\u00fcn\u00fcne ev sahipli\u011fi yapt\u0131. Etkinlikte, Sinan Meydan taraf\u0131ndan Atat\u00fcrk\u2019\u00fcn dehas\u0131, Cumhuriyet\u2019in ilan\u0131 ile kurulan T\u00fcrkiye\u2019nin h\u0131zla y\u00fckseli\u015fi ve elde edilen kazan\u0131mlar anlat\u0131ld\u0131. CHP \u0130l\u00e7e \u00d6rg\u00fct\u00fc taraf\u0131ndan Ku\u015fadas\u0131 Pera D\u00fc\u011f\u00fcn, Organizasyon ve K\u00fclt\u00fcr Merkezi\u2019nde d\u00fczenlenen \u201cAtat\u00fcrk\u2019\u00fcn Ak\u0131ll\u0131 Projeleri\u201d s\u00f6yle\u015fisine vatanda\u015flar yo\u011fun ilgi&#8230;<\/p>\n","protected":false},"author":1,"featured_media":10312,"comment_status":"open","ping_status":"open","sticky":false,"template":"","format":"standard","meta":{"_crdt_document":"","footnotes":""},"categories":[1],"tags":[],"class_list":["post-10311","post","type-post","status-publish","format-standard","has-post-thumbnail","hentry","category-guncel"],"_links":{"self":[{"href":"https:\/\/www.egemtv.com\/index.php?rest_route=\/wp\/v2\/posts\/10311","targetHints":{"allow":["GET"]}}],"collection":[{"href":"https:\/\/www.egemtv.com\/index.php?rest_route=\/wp\/v2\/posts"}],"about":[{"href":"https:\/\/www.egemtv.com\/index.php?rest_route=\/wp\/v2\/types\/post"}],"author":[{"embeddable":true,"href":"https:\/\/www.egemtv.com\/index.php?rest_route=\/wp\/v2\/users\/1"}],"replies":[{"embeddable":true,"href":"https:\/\/www.egemtv.com\/index.php?rest_route=%2Fwp%2Fv2%2Fcomments&post=10311"}],"version-history":[{"count":1,"href":"https:\/\/www.egemtv.com\/index.php?rest_route=\/wp\/v2\/posts\/10311\/revisions"}],"predecessor-version":[{"id":10313,"href":"https:\/\/www.egemtv.com\/index.php?rest_route=\/wp\/v2\/posts\/10311\/revisions\/10313"}],"wp:featuredmedia":[{"embeddable":true,"href":"https:\/\/www.egemtv.com\/index.php?rest_route=\/wp\/v2\/media\/10312"}],"wp:attachment":[{"href":"https:\/\/www.egemtv.com\/index.php?rest_route=%2Fwp%2Fv2%2Fmedia&parent=10311"}],"wp:term":[{"taxonomy":"category","embeddable":true,"href":"https:\/\/www.egemtv.com\/index.php?rest_route=%2Fwp%2Fv2%2Fcategories&post=10311"},{"taxonomy":"post_tag","embeddable":true,"href":"https:\/\/www.egemtv.com\/index.php?rest_route=%2Fwp%2Fv2%2Ftags&post=10311"}],"curies":[{"name":"wp","href":"https:\/\/api.w.org\/{rel}","templated":true}]}}