{"id":10305,"date":"2025-01-18T14:56:26","date_gmt":"2025-01-18T11:56:26","guid":{"rendered":"https:\/\/www.egemtv.com\/?p=10305"},"modified":"2025-01-18T14:56:28","modified_gmt":"2025-01-18T11:56:28","slug":"bodrumda-yagislar-barajlari-doldurdu","status":"publish","type":"post","link":"https:\/\/www.egemtv.com\/?p=10305","title":{"rendered":"Bodrum\u2019da ya\u011f\u0131\u015flar barajlar\u0131 doldurdu"},"content":{"rendered":"<p>Bodrum, Aral\u0131k ay\u0131ndaki yo\u011fun ya\u011f\u0131\u015flarla birlikte su kaynaklar\u0131nda \u00f6nemli bir toparlanma ya\u015fad\u0131. Metrekareye d\u00fc\u015fen 271 kilogram ya\u011f\u0131\u015f, b\u00f6lgedeki Mumcular ve Geyik barajlar\u0131nda su seviyelerini kayda de\u011fer oranda y\u00fckseltti. Mumcular Baraj\u0131\u2019nda su seviyesi y\u00fczde 10\u2019dan y\u00fczde 32\u2019ye, Geyik Baraj\u0131\u2019nda ise y\u00fczde 40\u2019tan y\u00fczde 50\u2019ye ula\u015ft\u0131.<\/p>\n<p>Mu\u011fla S\u0131tk\u0131 Ko\u00e7man \u00dcniversitesi Su Kaynaklar\u0131 Anabilim Dal\u0131 Ba\u015fkan\u0131 Do\u00e7. Dr. Ceyhun \u00d6z\u00e7elik, b\u00f6lgedeki ya\u011f\u0131\u015flar\u0131n etkilerini de\u011ferlendirdi. \u00d6z\u00e7elik, \u201cNASA ve Avrupa Komisyonu\u2019nun verilerine g\u00f6re, 2024 y\u0131l\u0131 kay\u0131tlardaki en s\u0131cak y\u0131l oldu. T\u00fcrkiye genelinde y\u0131l boyunca ya\u011f\u0131\u015flarda y\u00fczde 16\u2019l\u0131k bir azalma ya\u015fand\u0131. Ancak Aral\u0131k ay\u0131nda Mu\u011fla\u2019ya d\u00fc\u015fen 315 milimetrelik ya\u011f\u0131\u015f, mevsim normallerinin y\u00fczde 85 \u00fczerinde bir art\u0131\u015f g\u00f6sterdi ve bu rakam \u00fclkemizin y\u0131ll\u0131k ya\u011f\u0131\u015f miktar\u0131n\u0131n yar\u0131s\u0131na denk geliyor\u201d diye konu\u015ftu.<\/p>\n<p>Bodrum\u2019un i\u00e7me suyu ihtiyac\u0131na dikkat \u00e7eken \u00d6z\u00e7elik, \u201cUzun s\u00fcredir kuruma noktas\u0131na gelen Mumcular ve Geyik barajlar\u0131 son ya\u011f\u0131\u015flarla yeniden canland\u0131. Mumcular Baraj\u0131\u2019nda doluluk oran\u0131 y\u00fczde 32\u2019ye, Geyik Baraj\u0131\u2019nda ise y\u00fczde 50\u2019ye ula\u015ft\u0131. Ayr\u0131ca Bodrum\u2019a destek sa\u011flayan Akgedik Baraj\u0131\u2019ndaki doluluk oran\u0131 da y\u00fczde 66 seviyesine y\u00fckseldi. Ancak su y\u00f6netiminde ya\u015fanan kay\u0131p-ka\u00e7ak sorunlar\u0131 nedeniyle riskler hala devam ediyor\u201d ifadelerini kulland\u0131.<br \/><\/p>\n","protected":false},"excerpt":{"rendered":"<p>Bodrum, Aral\u0131k ay\u0131ndaki yo\u011fun ya\u011f\u0131\u015flarla birlikte su kaynaklar\u0131nda \u00f6nemli bir toparlanma ya\u015fad\u0131. Metrekareye d\u00fc\u015fen 271 kilogram ya\u011f\u0131\u015f, b\u00f6lgedeki Mumcular ve Geyik barajlar\u0131nda su seviyelerini kayda de\u011fer oranda y\u00fckseltti. Mumcular Baraj\u0131\u2019nda su seviyesi y\u00fczde 10\u2019dan y\u00fczde 32\u2019ye, Geyik Baraj\u0131\u2019nda ise y\u00fczde 40\u2019tan y\u00fczde 50\u2019ye ula\u015ft\u0131. Mu\u011fla S\u0131tk\u0131 Ko\u00e7man \u00dcniversitesi Su Kaynaklar\u0131 Anabilim Dal\u0131 Ba\u015fkan\u0131 Do\u00e7. Dr&#8230;.<\/p>\n","protected":false},"author":1,"featured_media":10306,"comment_status":"open","ping_status":"open","sticky":false,"template":"","format":"standard","meta":{"_crdt_document":"","footnotes":""},"categories":[1],"tags":[],"class_list":["post-10305","post","type-post","status-publish","format-standard","has-post-thumbnail","hentry","category-guncel"],"_links":{"self":[{"href":"https:\/\/www.egemtv.com\/index.php?rest_route=\/wp\/v2\/posts\/10305","targetHints":{"allow":["GET"]}}],"collection":[{"href":"https:\/\/www.egemtv.com\/index.php?rest_route=\/wp\/v2\/posts"}],"about":[{"href":"https:\/\/www.egemtv.com\/index.php?rest_route=\/wp\/v2\/types\/post"}],"author":[{"embeddable":true,"href":"https:\/\/www.egemtv.com\/index.php?rest_route=\/wp\/v2\/users\/1"}],"replies":[{"embeddable":true,"href":"https:\/\/www.egemtv.com\/index.php?rest_route=%2Fwp%2Fv2%2Fcomments&post=10305"}],"version-history":[{"count":1,"href":"https:\/\/www.egemtv.com\/index.php?rest_route=\/wp\/v2\/posts\/10305\/revisions"}],"predecessor-version":[{"id":10307,"href":"https:\/\/www.egemtv.com\/index.php?rest_route=\/wp\/v2\/posts\/10305\/revisions\/10307"}],"wp:featuredmedia":[{"embeddable":true,"href":"https:\/\/www.egemtv.com\/index.php?rest_route=\/wp\/v2\/media\/10306"}],"wp:attachment":[{"href":"https:\/\/www.egemtv.com\/index.php?rest_route=%2Fwp%2Fv2%2Fmedia&parent=10305"}],"wp:term":[{"taxonomy":"category","embeddable":true,"href":"https:\/\/www.egemtv.com\/index.php?rest_route=%2Fwp%2Fv2%2Fcategories&post=10305"},{"taxonomy":"post_tag","embeddable":true,"href":"https:\/\/www.egemtv.com\/index.php?rest_route=%2Fwp%2Fv2%2Ftags&post=10305"}],"curies":[{"name":"wp","href":"https:\/\/api.w.org\/{rel}","templated":true}]}}