{"id":10302,"date":"2025-01-18T14:52:18","date_gmt":"2025-01-18T11:52:18","guid":{"rendered":"https:\/\/www.egemtv.com\/?p=10302"},"modified":"2025-01-18T14:52:20","modified_gmt":"2025-01-18T11:52:20","slug":"duyarsiz-suruculer-gorme-engelliler-icin-tehlike-saciyor","status":"publish","type":"post","link":"https:\/\/www.egemtv.com\/?p=10302","title":{"rendered":"Duyars\u0131z s\u00fcr\u00fcc\u00fcler g\u00f6rme engelliler i\u00e7in tehlike sa\u00e7\u0131yor"},"content":{"rendered":"<p>Ayd\u0131n\u2019da ya\u015fayan g\u00f6rme engelli bireylerin ya\u015fad\u0131\u011f\u0131 s\u0131k\u0131nt\u0131 ve problemlere dikkat \u00e7eken Alt\u0131nokta K\u00f6rler Derne\u011fi Ayd\u0131n \u015eube Ba\u015fkan\u0131 Bayram \u00d6zen; \u201cPark etme, fark et. Kald\u0131r\u0131mlar park yeri de\u011fildir\u201d diyerek herkesi duyarl\u0131 olmaya davet etti.<br \/>\n<br \/>Ayd\u0131n n\u00fcfusuna oran\u0131 y\u00fczde 3.4 olan yakla\u015f\u0131k 39 bin engelli bireyin hayat\u0131 duyars\u0131z vatanda\u015flar\u0131n dikkatsizli\u011fi ile daha da zorla\u015f\u0131yor. Bu \u00e7er\u00e7evede a\u00e7\u0131klama yapan Alt\u0131nokta K\u00f6rler Derne\u011fi Ayd\u0131n \u015eube Ba\u015fkan\u0131 Bayram \u00d6zen, g\u00f6rme engelli bireylerin ya\u015fad\u0131\u011f\u0131 s\u0131k\u0131nt\u0131 ve problemlere dikkat \u00e7ekti. Ayd\u0131n\u2019da ya\u015fayan g\u00f6rme engelli bireylerin son zamanlarda, ya\u015fad\u0131klar\u0131 ve kar\u015f\u0131la\u015ft\u0131klar\u0131 problemlere ili\u015fkin bir a\u00e7\u0131klama yapan \u00d6zen, ya\u015fanan s\u0131k\u0131nt\u0131lar\u0131 s\u0131ralayarak Ayd\u0131nl\u0131lar\u0131n daha duyarl\u0131 olmas\u0131n\u0131 istedi. \u00d6zellikle kald\u0131r\u0131ma park edilen ara\u00e7lar\u0131n engelli bireyler i\u00e7in tehlike sa\u00e7t\u0131\u011f\u0131n\u0131 ifade eden \u00d6zen, \u201cPark etme, fark et\u201d diyerek duyarl\u0131l\u0131k \u00e7a\u011fr\u0131s\u0131nda bulundu. Ba\u015fkan \u00d6zen, hissedilebilir y\u00fczey ta\u015flar\u0131 \u00fczerine park edilen ara\u00e7lar g\u00f6rme engelli bireylerin hayat\u0131n\u0131 zorla\u015ft\u0131rd\u0131\u011f\u0131n\u0131 ve rsik olu\u015fturdu\u011funa dikkat \u00e7ekti.<br \/>\n<br \/>Kald\u0131r\u0131mlara park edilen ara\u00e7lar sebebiyle olumsuzluklar\u0131n ya\u015fand\u0131\u011f\u0131n\u0131 belirten \u00d6zen; \u201cPark etme fark et. Kald\u0131r\u0131mlar park yeri de\u011fil, yayalar\u0131n y\u00fcr\u00fcme yeridir. Sar\u0131 \u00e7izgiler s\u00fcs de\u011fildir. G\u00f6rme engelli yayalar i\u00e7indir. Ye\u015file ve a\u011faca evet, e\u011fik a\u011fa\u00e7lara hay\u0131r\u201d dedi.<br \/><\/p>\n","protected":false},"excerpt":{"rendered":"<p>Ayd\u0131n\u2019da ya\u015fayan g\u00f6rme engelli bireylerin ya\u015fad\u0131\u011f\u0131 s\u0131k\u0131nt\u0131 ve problemlere dikkat \u00e7eken Alt\u0131nokta K\u00f6rler Derne\u011fi Ayd\u0131n \u015eube Ba\u015fkan\u0131 Bayram \u00d6zen; \u201cPark etme, fark et. Kald\u0131r\u0131mlar park yeri de\u011fildir\u201d diyerek herkesi duyarl\u0131 olmaya davet etti. Ayd\u0131n n\u00fcfusuna oran\u0131 y\u00fczde 3.4 olan yakla\u015f\u0131k 39 bin engelli bireyin hayat\u0131 duyars\u0131z vatanda\u015flar\u0131n dikkatsizli\u011fi ile daha da zorla\u015f\u0131yor. Bu \u00e7er\u00e7evede a\u00e7\u0131klama&#8230;<\/p>\n","protected":false},"author":1,"featured_media":10303,"comment_status":"open","ping_status":"open","sticky":false,"template":"","format":"standard","meta":{"_crdt_document":"","footnotes":""},"categories":[1],"tags":[],"class_list":["post-10302","post","type-post","status-publish","format-standard","has-post-thumbnail","hentry","category-guncel"],"_links":{"self":[{"href":"https:\/\/www.egemtv.com\/index.php?rest_route=\/wp\/v2\/posts\/10302","targetHints":{"allow":["GET"]}}],"collection":[{"href":"https:\/\/www.egemtv.com\/index.php?rest_route=\/wp\/v2\/posts"}],"about":[{"href":"https:\/\/www.egemtv.com\/index.php?rest_route=\/wp\/v2\/types\/post"}],"author":[{"embeddable":true,"href":"https:\/\/www.egemtv.com\/index.php?rest_route=\/wp\/v2\/users\/1"}],"replies":[{"embeddable":true,"href":"https:\/\/www.egemtv.com\/index.php?rest_route=%2Fwp%2Fv2%2Fcomments&post=10302"}],"version-history":[{"count":1,"href":"https:\/\/www.egemtv.com\/index.php?rest_route=\/wp\/v2\/posts\/10302\/revisions"}],"predecessor-version":[{"id":10304,"href":"https:\/\/www.egemtv.com\/index.php?rest_route=\/wp\/v2\/posts\/10302\/revisions\/10304"}],"wp:featuredmedia":[{"embeddable":true,"href":"https:\/\/www.egemtv.com\/index.php?rest_route=\/wp\/v2\/media\/10303"}],"wp:attachment":[{"href":"https:\/\/www.egemtv.com\/index.php?rest_route=%2Fwp%2Fv2%2Fmedia&parent=10302"}],"wp:term":[{"taxonomy":"category","embeddable":true,"href":"https:\/\/www.egemtv.com\/index.php?rest_route=%2Fwp%2Fv2%2Fcategories&post=10302"},{"taxonomy":"post_tag","embeddable":true,"href":"https:\/\/www.egemtv.com\/index.php?rest_route=%2Fwp%2Fv2%2Ftags&post=10302"}],"curies":[{"name":"wp","href":"https:\/\/api.w.org\/{rel}","templated":true}]}}