{"id":10263,"date":"2025-01-18T12:55:34","date_gmt":"2025-01-18T09:55:34","guid":{"rendered":"https:\/\/www.egemtv.com\/?p=10263"},"modified":"2025-01-18T12:55:36","modified_gmt":"2025-01-18T09:55:36","slug":"baskan-gencay-kent-lokantasini-hayata-geciriyoruz","status":"publish","type":"post","link":"https:\/\/www.egemtv.com\/?p=10263","title":{"rendered":"Ba\u015fkan Gen\u00e7ay: &#8220;Kent Lokantas\u0131\u2019n\u0131 hayata ge\u00e7iriyoruz&#8221;"},"content":{"rendered":"<p>Didim Belediyesi Kent Lokantas\u0131\u2019n\u0131 hayata ge\u00e7irmek i\u00e7in \u00e7al\u0131\u015fmalara ba\u015flad\u0131. Didim Kent Lokantas\u0131 uygun fiyatl\u0131 men\u00fcleri ile Didimli vatanda\u015flarla bulu\u015facak.<br \/>\n<br \/>Sosyal belediyecilik ve vatanda\u015f odakl\u0131 hizmet anlay\u0131\u015f\u0131yla \u00e7al\u0131\u015fmalar\u0131na ara vermeden devam eden Didim Belediye Ba\u015fkan\u0131 Hatice Gen\u00e7ay, il\u00e7eye Kent Lokantas\u0131 yapmak i\u00e7in kollar\u0131 s\u0131vad\u0131. Didim Belediyesi ekiplerince y\u00fcr\u00fct\u00fclen \u00e7al\u0131\u015fmalar kapsam\u0131nda, il\u00e7e merkezinde uzun zamand\u0131r at\u0131l durumda olan belediyeye ait alan de\u011ferlendirilerek, Kent Lokantas\u0131 yap\u0131lmas\u0131 i\u00e7in \u00e7al\u0131\u015fmalar ba\u015fland\u0131. \u00c7al\u0131\u015fmalar\u0131n tamamlanmas\u0131n\u0131n ard\u0131ndan Didim Belediyesi Kent Lokantas\u0131 uygun fiyatl\u0131 men\u00fcs\u00fc ile vatanda\u015flar\u0131n hizmetine a\u00e7\u0131lacak.<br \/>\n<br \/>\u00c7al\u0131\u015fmalar hakk\u0131nda bilgi veren Didim Belediye Ba\u015fkan\u0131 Hatice Gen\u00e7ay; \u201cSosyal belediyecilik anlay\u0131\u015f\u0131m\u0131zla Didim\u2019e \u00f6nemli bir hizmet kazand\u0131r\u0131yoruz. Uzun zamand\u0131r at\u0131l durumda olan belediyemize ait alan\u0131 de\u011ferlendirerek, Didim Belediyesi Kent Lokantas\u0131\u2019n\u0131 hayata ge\u00e7iriyoruz. Halk\u0131m\u0131z\u0131n, \u00f6zellikle de emek\u00e7ilerimizi ve emeklilerimizi yaln\u0131z b\u0131rakm\u0131yoruz. Uygun fiyatl\u0131 men\u00fclerimizle dayan\u0131\u015fma sofralar\u0131m\u0131zda bulu\u015fmak dile\u011fiyle. Kent Lokantas\u0131 \u015fehrimize hay\u0131rl\u0131 olsun\u201d dedi.<br \/><\/p>\n","protected":false},"excerpt":{"rendered":"<p>Didim Belediyesi Kent Lokantas\u0131\u2019n\u0131 hayata ge\u00e7irmek i\u00e7in \u00e7al\u0131\u015fmalara ba\u015flad\u0131. Didim Kent Lokantas\u0131 uygun fiyatl\u0131 men\u00fcleri ile Didimli vatanda\u015flarla bulu\u015facak. Sosyal belediyecilik ve vatanda\u015f odakl\u0131 hizmet anlay\u0131\u015f\u0131yla \u00e7al\u0131\u015fmalar\u0131na ara vermeden devam eden Didim Belediye Ba\u015fkan\u0131 Hatice Gen\u00e7ay, il\u00e7eye Kent Lokantas\u0131 yapmak i\u00e7in kollar\u0131 s\u0131vad\u0131. Didim Belediyesi ekiplerince y\u00fcr\u00fct\u00fclen \u00e7al\u0131\u015fmalar kapsam\u0131nda, il\u00e7e merkezinde uzun zamand\u0131r at\u0131l durumda&#8230;<\/p>\n","protected":false},"author":1,"featured_media":10264,"comment_status":"open","ping_status":"open","sticky":false,"template":"","format":"standard","meta":{"_crdt_document":"","footnotes":""},"categories":[1],"tags":[],"class_list":["post-10263","post","type-post","status-publish","format-standard","has-post-thumbnail","hentry","category-guncel"],"_links":{"self":[{"href":"https:\/\/www.egemtv.com\/index.php?rest_route=\/wp\/v2\/posts\/10263","targetHints":{"allow":["GET"]}}],"collection":[{"href":"https:\/\/www.egemtv.com\/index.php?rest_route=\/wp\/v2\/posts"}],"about":[{"href":"https:\/\/www.egemtv.com\/index.php?rest_route=\/wp\/v2\/types\/post"}],"author":[{"embeddable":true,"href":"https:\/\/www.egemtv.com\/index.php?rest_route=\/wp\/v2\/users\/1"}],"replies":[{"embeddable":true,"href":"https:\/\/www.egemtv.com\/index.php?rest_route=%2Fwp%2Fv2%2Fcomments&post=10263"}],"version-history":[{"count":1,"href":"https:\/\/www.egemtv.com\/index.php?rest_route=\/wp\/v2\/posts\/10263\/revisions"}],"predecessor-version":[{"id":10265,"href":"https:\/\/www.egemtv.com\/index.php?rest_route=\/wp\/v2\/posts\/10263\/revisions\/10265"}],"wp:featuredmedia":[{"embeddable":true,"href":"https:\/\/www.egemtv.com\/index.php?rest_route=\/wp\/v2\/media\/10264"}],"wp:attachment":[{"href":"https:\/\/www.egemtv.com\/index.php?rest_route=%2Fwp%2Fv2%2Fmedia&parent=10263"}],"wp:term":[{"taxonomy":"category","embeddable":true,"href":"https:\/\/www.egemtv.com\/index.php?rest_route=%2Fwp%2Fv2%2Fcategories&post=10263"},{"taxonomy":"post_tag","embeddable":true,"href":"https:\/\/www.egemtv.com\/index.php?rest_route=%2Fwp%2Fv2%2Ftags&post=10263"}],"curies":[{"name":"wp","href":"https:\/\/api.w.org\/{rel}","templated":true}]}}