{"id":10161,"date":"2025-01-18T09:40:34","date_gmt":"2025-01-18T06:40:34","guid":{"rendered":"https:\/\/www.egemtv.com\/?p=10161"},"modified":"2025-01-18T09:40:37","modified_gmt":"2025-01-18T06:40:37","slug":"korfbolda-il-birincileri-belli-oldu","status":"publish","type":"post","link":"https:\/\/www.egemtv.com\/?p=10161","title":{"rendered":"Korfbol\u2019da il birincileri belli oldu"},"content":{"rendered":"<p>Gen\u00e7lik ve Spor Bakanl\u0131\u011f\u0131\u2019n\u0131n himayesinde ger\u00e7ekle\u015ftirilen ve Ayd\u0131n Gen\u00e7lik ve Spor \u0130l M\u00fcd\u00fcrl\u00fc\u011f\u00fc\u2019n\u00fcn koordine etti\u011fi Okullar Aras\u0131 Y\u0131ld\u0131z ve Gen\u00e7ler Korfbol \u0130l Birincili\u011fi m\u00fcsabakalar\u0131 sona erdi.<\/p>\n<p>Ayd\u0131n Lisesi Spor Salonu\u2019nda d\u00fczenlenen m\u00fcsabakalarda farkl\u0131 okullardan gelen gen\u00e7 sporcular yeteneklerini sergiledi. Y\u0131ld\u0131z ve gen\u00e7 sporcular g\u00f6sterdikleri performansla sadece kazanmay\u0131 de\u011fil, ayn\u0131 zamanda fair play ruhunu da \u00f6n planda tutarak \u00f6rnek oldular. Birbirinden \u00e7eki\u015fmeli ge\u00e7en ma\u00e7lar\u0131n ard\u0131ndan turnuvan\u0131n sonunda \u00f6d\u00fcller sahiplerini buldu. M\u00fcsabakalar, sporcular\u0131n birbirleriyle kayna\u015fmas\u0131na ve deneyim kazanmalar\u0131na katk\u0131 sa\u011flad\u0131.<br \/><\/p>\n","protected":false},"excerpt":{"rendered":"<p>Gen\u00e7lik ve Spor Bakanl\u0131\u011f\u0131\u2019n\u0131n himayesinde ger\u00e7ekle\u015ftirilen ve Ayd\u0131n Gen\u00e7lik ve Spor \u0130l M\u00fcd\u00fcrl\u00fc\u011f\u00fc\u2019n\u00fcn koordine etti\u011fi Okullar Aras\u0131 Y\u0131ld\u0131z ve Gen\u00e7ler Korfbol \u0130l Birincili\u011fi m\u00fcsabakalar\u0131 sona erdi. Ayd\u0131n Lisesi Spor Salonu\u2019nda d\u00fczenlenen m\u00fcsabakalarda farkl\u0131 okullardan gelen gen\u00e7 sporcular yeteneklerini sergiledi. Y\u0131ld\u0131z ve gen\u00e7 sporcular g\u00f6sterdikleri performansla sadece kazanmay\u0131 de\u011fil, ayn\u0131 zamanda fair play ruhunu da \u00f6n&#8230;<\/p>\n","protected":false},"author":1,"featured_media":10162,"comment_status":"open","ping_status":"open","sticky":false,"template":"","format":"standard","meta":{"_crdt_document":"","footnotes":""},"categories":[4],"tags":[],"class_list":["post-10161","post","type-post","status-publish","format-standard","has-post-thumbnail","hentry","category-spor"],"_links":{"self":[{"href":"https:\/\/www.egemtv.com\/index.php?rest_route=\/wp\/v2\/posts\/10161","targetHints":{"allow":["GET"]}}],"collection":[{"href":"https:\/\/www.egemtv.com\/index.php?rest_route=\/wp\/v2\/posts"}],"about":[{"href":"https:\/\/www.egemtv.com\/index.php?rest_route=\/wp\/v2\/types\/post"}],"author":[{"embeddable":true,"href":"https:\/\/www.egemtv.com\/index.php?rest_route=\/wp\/v2\/users\/1"}],"replies":[{"embeddable":true,"href":"https:\/\/www.egemtv.com\/index.php?rest_route=%2Fwp%2Fv2%2Fcomments&post=10161"}],"version-history":[{"count":1,"href":"https:\/\/www.egemtv.com\/index.php?rest_route=\/wp\/v2\/posts\/10161\/revisions"}],"predecessor-version":[{"id":10163,"href":"https:\/\/www.egemtv.com\/index.php?rest_route=\/wp\/v2\/posts\/10161\/revisions\/10163"}],"wp:featuredmedia":[{"embeddable":true,"href":"https:\/\/www.egemtv.com\/index.php?rest_route=\/wp\/v2\/media\/10162"}],"wp:attachment":[{"href":"https:\/\/www.egemtv.com\/index.php?rest_route=%2Fwp%2Fv2%2Fmedia&parent=10161"}],"wp:term":[{"taxonomy":"category","embeddable":true,"href":"https:\/\/www.egemtv.com\/index.php?rest_route=%2Fwp%2Fv2%2Fcategories&post=10161"},{"taxonomy":"post_tag","embeddable":true,"href":"https:\/\/www.egemtv.com\/index.php?rest_route=%2Fwp%2Fv2%2Ftags&post=10161"}],"curies":[{"name":"wp","href":"https:\/\/api.w.org\/{rel}","templated":true}]}}