{"id":100128,"date":"2026-05-03T18:20:48","date_gmt":"2026-05-03T15:20:48","guid":{"rendered":"https:\/\/www.egemtv.com\/?p=100128"},"modified":"2026-05-03T18:20:50","modified_gmt":"2026-05-03T15:20:50","slug":"ayesobda-baskan-kunkcu-guven-tazeledi","status":"publish","type":"post","link":"https:\/\/www.egemtv.com\/?p=100128","title":{"rendered":"AYESOB\u2019da Ba\u015fkan K\u00fcnkc\u00fc g\u00fcven tazeledi"},"content":{"rendered":"<p>Ayd\u0131n Esnaf ve Sanatkarlar Odalar\u0131 Birli\u011fi\u2019nin (AYESOB) 34\u2019\u00fcnc\u00fc Ola\u011fan Genel Kurulu\u2019nda mevcut ba\u015fkan Muhammet Ali K\u00fcnkc\u00fc, delegelerin b\u00fcy\u00fck deste\u011fini alarak yeniden ba\u015fkan se\u00e7ildi.<\/p>\n<p>AYESOB Toplant\u0131 Salonu\u2019nda ger\u00e7ekle\u015ftirilen genel kurula \u00e7ok say\u0131da meslek odas\u0131 ba\u015fkan\u0131 ve oda \u00fcyesi kat\u0131ld\u0131. Genel kurulun divan ba\u015fkanl\u0131\u011f\u0131n\u0131 T\u00fcrkiye F\u0131r\u0131nc\u0131lar Federasyonu Ba\u015fkan\u0131 Halil \u0130brahim Balc\u0131 yapt\u0131. \u0130ki aday\u0131n yar\u0131\u015ft\u0131\u011f\u0131 se\u00e7imde mevcut ba\u015fkan Muhammet Ali K\u00fcnkc\u00fc ile Ayd\u0131n \u015eof\u00f6rler Odas\u0131 Ba\u015fkan\u0131 Semih \u00d6zmeri\u00e7 delegelerin oyuna sunuldu. Birli\u011fe ba\u011fl\u0131 82 odadan toplam 601 delegenin kat\u0131ld\u0131\u011f\u0131 genel kurulda 590 oy kullan\u0131ld\u0131. Kullan\u0131lan oylar\u0131n 5\u2019i ge\u00e7ersiz say\u0131l\u0131rken, mevcut ba\u015fkan K\u00fcnkc\u00fc 405 oy alarak yeniden ba\u015fkanl\u0131\u011fa se\u00e7ildi. Rakibi Semih \u00d6zmeri\u00e7 ise 180 oy ald\u0131.<\/p>\n<p>Se\u00e7im sonu\u00e7lar\u0131n\u0131n a\u00e7\u0131klanmas\u0131n\u0131n ard\u0131ndan salonda b\u00fcy\u00fck sevin\u00e7 ya\u015fan\u0131rken, K\u00fcnkc\u00fc, kazanan\u0131n Ayd\u0131n esnaf\u0131 oldu\u011funu ifade etti. Yeniden g\u00f6reve se\u00e7ilen K\u00fcnkc\u00fc, \u00f6n\u00fcm\u00fczdeki d\u00f6nemde de Ayd\u0131n\u2019daki esnaf ve sanatkarlar\u0131n sorunlar\u0131n\u0131n \u00e7\u00f6z\u00fcm\u00fc, mesleki geli\u015fim ve birlik \u00e7al\u0131\u015fmalar\u0131na y\u00f6nelik projelerin s\u00fcrece\u011fini belirtti.<br \/><\/p>\n","protected":false},"excerpt":{"rendered":"<p>Ayd\u0131n Esnaf ve Sanatkarlar Odalar\u0131 Birli\u011fi\u2019nin (AYESOB) 34\u2019\u00fcnc\u00fc Ola\u011fan Genel Kurulu\u2019nda mevcut ba\u015fkan Muhammet Ali K\u00fcnkc\u00fc, delegelerin b\u00fcy\u00fck deste\u011fini alarak yeniden ba\u015fkan se\u00e7ildi. AYESOB Toplant\u0131 Salonu\u2019nda ger\u00e7ekle\u015ftirilen genel kurula \u00e7ok say\u0131da meslek odas\u0131 ba\u015fkan\u0131 ve oda \u00fcyesi kat\u0131ld\u0131. Genel kurulun divan ba\u015fkanl\u0131\u011f\u0131n\u0131 T\u00fcrkiye F\u0131r\u0131nc\u0131lar Federasyonu Ba\u015fkan\u0131 Halil \u0130brahim Balc\u0131 yapt\u0131. \u0130ki aday\u0131n yar\u0131\u015ft\u0131\u011f\u0131 se\u00e7imde mevcut&#8230;<\/p>\n","protected":false},"author":1,"featured_media":100129,"comment_status":"open","ping_status":"open","sticky":false,"template":"","format":"standard","meta":{"_crdt_document":"","footnotes":""},"categories":[1],"tags":[],"class_list":["post-100128","post","type-post","status-publish","format-standard","has-post-thumbnail","hentry","category-guncel"],"_links":{"self":[{"href":"https:\/\/www.egemtv.com\/index.php?rest_route=\/wp\/v2\/posts\/100128","targetHints":{"allow":["GET"]}}],"collection":[{"href":"https:\/\/www.egemtv.com\/index.php?rest_route=\/wp\/v2\/posts"}],"about":[{"href":"https:\/\/www.egemtv.com\/index.php?rest_route=\/wp\/v2\/types\/post"}],"author":[{"embeddable":true,"href":"https:\/\/www.egemtv.com\/index.php?rest_route=\/wp\/v2\/users\/1"}],"replies":[{"embeddable":true,"href":"https:\/\/www.egemtv.com\/index.php?rest_route=%2Fwp%2Fv2%2Fcomments&post=100128"}],"version-history":[{"count":1,"href":"https:\/\/www.egemtv.com\/index.php?rest_route=\/wp\/v2\/posts\/100128\/revisions"}],"predecessor-version":[{"id":100130,"href":"https:\/\/www.egemtv.com\/index.php?rest_route=\/wp\/v2\/posts\/100128\/revisions\/100130"}],"wp:featuredmedia":[{"embeddable":true,"href":"https:\/\/www.egemtv.com\/index.php?rest_route=\/wp\/v2\/media\/100129"}],"wp:attachment":[{"href":"https:\/\/www.egemtv.com\/index.php?rest_route=%2Fwp%2Fv2%2Fmedia&parent=100128"}],"wp:term":[{"taxonomy":"category","embeddable":true,"href":"https:\/\/www.egemtv.com\/index.php?rest_route=%2Fwp%2Fv2%2Fcategories&post=100128"},{"taxonomy":"post_tag","embeddable":true,"href":"https:\/\/www.egemtv.com\/index.php?rest_route=%2Fwp%2Fv2%2Ftags&post=100128"}],"curies":[{"name":"wp","href":"https:\/\/api.w.org\/{rel}","templated":true}]}}