{"id":100122,"date":"2026-05-03T18:20:45","date_gmt":"2026-05-03T15:20:45","guid":{"rendered":"https:\/\/www.egemtv.com\/?p=100122"},"modified":"2026-05-03T18:20:46","modified_gmt":"2026-05-03T15:20:46","slug":"tki-tavsanli-linyitspor-ve-tepecikspor-3-lig-yolunda","status":"publish","type":"post","link":"https:\/\/www.egemtv.com\/?p=100122","title":{"rendered":"TK\u0130 Tav\u015fanl\u0131 Linyitspor ve Tepecikspor 3. Lig yolunda"},"content":{"rendered":"<p>B\u00f6lgesel Amat\u00f6r Lig (BAL) 2025-2026 sezonunun final haftas\u0131nda K\u00fctahya temsilcileri TK\u0130 Tav\u015fanl\u0131 Linyitspor ve Tepecikspor, rakiplerini ma\u011flup ederek adlar\u0131n\u0131 play-off turuna yazd\u0131rd\u0131.<br \/>\n<br \/>BAL 26. hafta kar\u015f\u0131la\u015fmalar\u0131 nefes kesen m\u00fccadelelere sahne oldu. K\u00fctahya ekipleri, kritik haftada ald\u0131klar\u0131 galibiyetlerle 3. Lig hedefi yolunda dev bir ad\u0131m att\u0131.<br \/>\n<br \/>Sahas\u0131nda Ankara temsilcisi Beytepe Metespor\u2019u konuk eden TK\u0130 Tav\u015fanl\u0131 Linyitspor, sahadan 2-1\u2019lik galibiyetle ayr\u0131ld\u0131. Ma\u00e7\u0131n 9. dakikas\u0131nda Hasan \u00d6zer\u2019in gol\u00fcyle \u00f6ne ge\u00e7en Linyitspor, ikinci yar\u0131n\u0131n hemen ba\u015f\u0131nda kalesinde g\u00f6rd\u00fc\u011f\u00fc gole engel olamad\u0131. M\u00fccadelenin 83. dakikas\u0131nda sahneye \u00e7\u0131kan Mustafa \u00c7al\u0131\u015fkan, att\u0131\u011f\u0131 golle tak\u0131m\u0131na play-off biletini getiren isim oldu.<br \/>\n<br \/>Play-off yar\u0131\u015f\u0131 i\u00e7indeki bir di\u011fer kritik ma\u00e7ta Tepecikspor, deplasmanda \u0130znikspor ile kar\u015f\u0131la\u015ft\u0131. Rakibi kar\u015f\u0131s\u0131nda \u00fcst\u00fcn bir oyun sergileyen K\u00fctahya temsilcisi, \u0130brahim Utku \u0130nce\u2019nin 32 ve 54. dakikalarda kaydetti\u011fi gollerle sahadan 2-0 galip ayr\u0131ld\u0131. Bu sonu\u00e7la \u0130znikspor play-off d\u0131\u015f\u0131 kal\u0131rken, Tepecikspor b\u00fcy\u00fck bir ba\u015far\u0131ya imza att\u0131.<br \/>\n<br \/>T\u00fcrkiye Futbol Federasyonu (TFF), play-off ma\u00e7lar\u0131n\u0131n 9, 13 ve 17 May\u0131s tarihlerinde oynanaca\u011f\u0131n\u0131 duyurdu. Lig planlamas\u0131na g\u00f6re: TK\u0130 Tav\u015fanl\u0131 Linyitspor, Ankara\u2019da Ke\u00e7i\u00f6ren Bld. Ba\u011flumspor deplasman\u0131na gidecek.<br \/>\n<br \/>U\u015fak\u2019ta E\u015fme Bld. Tepecikspor  ile kar\u015f\u0131 kar\u015f\u0131ya gelecek.<br \/>\n<br \/>Her iki temsilcimizin de turu ge\u00e7mesi durumunda, bir sonraki a\u015famada heyecan dolu bir K\u00fctahya derbisi ya\u015fanacak. Final a\u015famas\u0131nda ise 10 grubun liderleri 22-24 May\u0131s tarihleri aras\u0131nda tek ma\u00e7 eleme usul\u00fcyle kar\u015f\u0131la\u015facak ve 3. Lig\u2019e y\u00fckselecek 5 tak\u0131m belirlenecek.<br \/><\/p>\n","protected":false},"excerpt":{"rendered":"<p>B\u00f6lgesel Amat\u00f6r Lig (BAL) 2025-2026 sezonunun final haftas\u0131nda K\u00fctahya temsilcileri TK\u0130 Tav\u015fanl\u0131 Linyitspor ve Tepecikspor, rakiplerini ma\u011flup ederek adlar\u0131n\u0131 play-off turuna yazd\u0131rd\u0131. BAL 26. hafta kar\u015f\u0131la\u015fmalar\u0131 nefes kesen m\u00fccadelelere sahne oldu. K\u00fctahya ekipleri, kritik haftada ald\u0131klar\u0131 galibiyetlerle 3. Lig hedefi yolunda dev bir ad\u0131m att\u0131. Sahas\u0131nda Ankara temsilcisi Beytepe Metespor\u2019u konuk eden TK\u0130 Tav\u015fanl\u0131 Linyitspor,&#8230;<\/p>\n","protected":false},"author":1,"featured_media":100123,"comment_status":"open","ping_status":"open","sticky":false,"template":"","format":"standard","meta":{"_crdt_document":"","footnotes":""},"categories":[4],"tags":[],"class_list":["post-100122","post","type-post","status-publish","format-standard","has-post-thumbnail","hentry","category-spor"],"_links":{"self":[{"href":"https:\/\/www.egemtv.com\/index.php?rest_route=\/wp\/v2\/posts\/100122","targetHints":{"allow":["GET"]}}],"collection":[{"href":"https:\/\/www.egemtv.com\/index.php?rest_route=\/wp\/v2\/posts"}],"about":[{"href":"https:\/\/www.egemtv.com\/index.php?rest_route=\/wp\/v2\/types\/post"}],"author":[{"embeddable":true,"href":"https:\/\/www.egemtv.com\/index.php?rest_route=\/wp\/v2\/users\/1"}],"replies":[{"embeddable":true,"href":"https:\/\/www.egemtv.com\/index.php?rest_route=%2Fwp%2Fv2%2Fcomments&post=100122"}],"version-history":[{"count":1,"href":"https:\/\/www.egemtv.com\/index.php?rest_route=\/wp\/v2\/posts\/100122\/revisions"}],"predecessor-version":[{"id":100124,"href":"https:\/\/www.egemtv.com\/index.php?rest_route=\/wp\/v2\/posts\/100122\/revisions\/100124"}],"wp:featuredmedia":[{"embeddable":true,"href":"https:\/\/www.egemtv.com\/index.php?rest_route=\/wp\/v2\/media\/100123"}],"wp:attachment":[{"href":"https:\/\/www.egemtv.com\/index.php?rest_route=%2Fwp%2Fv2%2Fmedia&parent=100122"}],"wp:term":[{"taxonomy":"category","embeddable":true,"href":"https:\/\/www.egemtv.com\/index.php?rest_route=%2Fwp%2Fv2%2Fcategories&post=100122"},{"taxonomy":"post_tag","embeddable":true,"href":"https:\/\/www.egemtv.com\/index.php?rest_route=%2Fwp%2Fv2%2Ftags&post=100122"}],"curies":[{"name":"wp","href":"https:\/\/api.w.org\/{rel}","templated":true}]}}