{"id":100119,"date":"2026-05-03T17:45:38","date_gmt":"2026-05-03T14:45:38","guid":{"rendered":"https:\/\/www.egemtv.com\/?p=100119"},"modified":"2026-05-03T17:45:38","modified_gmt":"2026-05-03T14:45:38","slug":"testilerle-tasinan-akdeniz-suyu-egeye-dokuldu","status":"publish","type":"post","link":"https:\/\/www.egemtv.com\/?p=100119","title":{"rendered":"Testilerle ta\u015f\u0131nan Akdeniz suyu Ege\u2019ye d\u00f6k\u00fcld\u00fc"},"content":{"rendered":"<p>Mu\u011fla\u2019n\u0131n Dat\u00e7a il\u00e7esinde geleneksel hale gelen \u2019Akdeniz\u2019den Ege\u2019ye Dostluk ve Do\u011fa Y\u00fcr\u00fcy\u00fc\u015f\u00fc\u2019 etkinli\u011fi kapsam\u0131nda Akdeniz\u2019den al\u0131nan deniz suyu, bu y\u0131l 25\u2019inci kez Ege Denizi ile bulu\u015fturuldu.<\/p>\n<p>Ege ile Akdeniz\u2019in birle\u015fme noktas\u0131nda yer alan Dat\u00e7a\u2019da, Dat\u00e7a \u00c7evre ve Turizm Derne\u011fi (DA\u00c7EV) giri\u015fimiyle Dat\u00e7a Kaymakaml\u0131\u011f\u0131 ve Dat\u00e7a Belediyesi\u2019nin katk\u0131lar\u0131yla d\u00fczenlenen etkinlik yo\u011fun kat\u0131l\u0131mla ger\u00e7ekle\u015ftirildi. Dat\u00e7a Cumhuriyet Meydan\u0131\u2019nda denizden doldurulan testiler, karayoluyla Gereme Koyu Kat\u0131yal\u0131 mevkiine ta\u015f\u0131nd\u0131. Testilerdeki Akdeniz suyu G\u00f6kova K\u00f6rfezi\u2019nde Ege Denizi\u2019ne d\u00f6k\u00fcld\u00fc. T\u00f6rende Dat\u00e7a Belediye Ba\u015fkan\u0131 Ayta\u00e7 Kurt ile organizasyonun ilk ba\u015flat\u0131c\u0131lar\u0131ndan H\u00fcseyin T\u00fcz\u00fcn de yer ald\u0131. Sembolik bulu\u015fma ile iki deniz aras\u0131nda dostluk, birlik ve do\u011faya sahip \u00e7\u0131kma mesaj\u0131 verildi.<\/p>\n<p>Dat\u00e7a\u2019da \u00e7eyrek asr\u0131 geride b\u0131rakan organizasyon, b\u00f6lgenin do\u011fal g\u00fczelliklerine dikkat \u00e7ekerken, her y\u0131l oldu\u011fu gibi bu y\u0131l da renkli g\u00f6r\u00fcnt\u00fclere sahne oldu. Deniz suyunun Ege\u2019ye d\u00f6k\u00fclmesinin ard\u0131ndan y\u00fcr\u00fcy\u00fc\u015f\u00e7\u00fcler piknik alan\u0131na ge\u00e7erek g\u00fcn boyu s\u00fcren etkinliklerde e\u011flendi.<br \/><\/p>\n","protected":false},"excerpt":{"rendered":"<p>Mu\u011fla\u2019n\u0131n Dat\u00e7a il\u00e7esinde geleneksel hale gelen \u2019Akdeniz\u2019den Ege\u2019ye Dostluk ve Do\u011fa Y\u00fcr\u00fcy\u00fc\u015f\u00fc\u2019 etkinli\u011fi kapsam\u0131nda Akdeniz\u2019den al\u0131nan deniz suyu, bu y\u0131l 25\u2019inci kez Ege Denizi ile bulu\u015fturuldu. Ege ile Akdeniz\u2019in birle\u015fme noktas\u0131nda yer alan Dat\u00e7a\u2019da, Dat\u00e7a \u00c7evre ve Turizm Derne\u011fi (DA\u00c7EV) giri\u015fimiyle Dat\u00e7a Kaymakaml\u0131\u011f\u0131 ve Dat\u00e7a Belediyesi\u2019nin katk\u0131lar\u0131yla d\u00fczenlenen etkinlik yo\u011fun kat\u0131l\u0131mla ger\u00e7ekle\u015ftirildi. Dat\u00e7a Cumhuriyet Meydan\u0131\u2019nda&#8230;<\/p>\n","protected":false},"author":1,"featured_media":100120,"comment_status":"open","ping_status":"open","sticky":false,"template":"","format":"standard","meta":{"_crdt_document":"","footnotes":""},"categories":[1],"tags":[],"class_list":["post-100119","post","type-post","status-publish","format-standard","has-post-thumbnail","hentry","category-guncel"],"_links":{"self":[{"href":"https:\/\/www.egemtv.com\/index.php?rest_route=\/wp\/v2\/posts\/100119","targetHints":{"allow":["GET"]}}],"collection":[{"href":"https:\/\/www.egemtv.com\/index.php?rest_route=\/wp\/v2\/posts"}],"about":[{"href":"https:\/\/www.egemtv.com\/index.php?rest_route=\/wp\/v2\/types\/post"}],"author":[{"embeddable":true,"href":"https:\/\/www.egemtv.com\/index.php?rest_route=\/wp\/v2\/users\/1"}],"replies":[{"embeddable":true,"href":"https:\/\/www.egemtv.com\/index.php?rest_route=%2Fwp%2Fv2%2Fcomments&post=100119"}],"version-history":[{"count":1,"href":"https:\/\/www.egemtv.com\/index.php?rest_route=\/wp\/v2\/posts\/100119\/revisions"}],"predecessor-version":[{"id":100121,"href":"https:\/\/www.egemtv.com\/index.php?rest_route=\/wp\/v2\/posts\/100119\/revisions\/100121"}],"wp:featuredmedia":[{"embeddable":true,"href":"https:\/\/www.egemtv.com\/index.php?rest_route=\/wp\/v2\/media\/100120"}],"wp:attachment":[{"href":"https:\/\/www.egemtv.com\/index.php?rest_route=%2Fwp%2Fv2%2Fmedia&parent=100119"}],"wp:term":[{"taxonomy":"category","embeddable":true,"href":"https:\/\/www.egemtv.com\/index.php?rest_route=%2Fwp%2Fv2%2Fcategories&post=100119"},{"taxonomy":"post_tag","embeddable":true,"href":"https:\/\/www.egemtv.com\/index.php?rest_route=%2Fwp%2Fv2%2Ftags&post=100119"}],"curies":[{"name":"wp","href":"https:\/\/api.w.org\/{rel}","templated":true}]}}