{"id":100116,"date":"2026-05-03T17:45:36","date_gmt":"2026-05-03T14:45:36","guid":{"rendered":"https:\/\/www.egemtv.com\/?p=100116"},"modified":"2026-05-03T17:45:37","modified_gmt":"2026-05-03T14:45:37","slug":"burdurda-otomobil-yoldan-cikti-2-yarali","status":"publish","type":"post","link":"https:\/\/www.egemtv.com\/?p=100116","title":{"rendered":"Burdur\u2019da otomobil yoldan \u00e7\u0131kt\u0131: 2 yaral\u0131"},"content":{"rendered":"<p>Burdur\u2019un Bucak il\u00e7esinde otomobil s\u00fcr\u00fcc\u00fcs\u00fcn\u00fcn direksiyon hakimiyetini kaybetmesi sonucu yoldan \u00e7\u0131kt\u0131\u011f\u0131 kazada 2 ki\u015fi yaraland\u0131.<\/p>\n<p>Kaza, saat 15.00 s\u0131ralar\u0131nda Burdur-Antalya karayolunda meydana geldi. Edinilen bilgilere g\u00f6re, A.F.K. idaresindeki 34 MSZ 694 plakal\u0131 otomobil ya\u011fmur sonras\u0131 kayganla\u015fan yolda s\u00fcr\u00fcc\u00fcs\u00fcn\u00fcn direksiyon hakimiyetini kaybetmesiyle sonucu yoldan \u00e7\u0131karak demir kap\u0131ya \u00e7arpt\u0131. Kazada otomobil s\u00fcr\u00fcc\u00fcs\u00fc A.F.K. ile otomobilde yolcu konumunda bulunan O.D. yaraland\u0131. Kaza ihbar\u0131 \u00fczerine adrese sa\u011fl\u0131k ve polis ekipleri sevk edildi. Yaral\u0131lar sa\u011fl\u0131k ekipleri taraf\u0131ndan yap\u0131lan ilk m\u00fcdahalenin ard\u0131ndan ambulanslarla Bucak Devlet Hastanesine kald\u0131r\u0131larak tedavi alt\u0131na al\u0131nd\u0131. Yaral\u0131lar\u0131n sa\u011fl\u0131k durumunun iyi oldu\u011fu \u00f6\u011frenilirken kazayla ilgili inceleme ba\u015flat\u0131ld\u0131.<br \/><\/p>\n","protected":false},"excerpt":{"rendered":"<p>Burdur\u2019un Bucak il\u00e7esinde otomobil s\u00fcr\u00fcc\u00fcs\u00fcn\u00fcn direksiyon hakimiyetini kaybetmesi sonucu yoldan \u00e7\u0131kt\u0131\u011f\u0131 kazada 2 ki\u015fi yaraland\u0131. Kaza, saat 15.00 s\u0131ralar\u0131nda Burdur-Antalya karayolunda meydana geldi. Edinilen bilgilere g\u00f6re, A.F.K. idaresindeki 34 MSZ 694 plakal\u0131 otomobil ya\u011fmur sonras\u0131 kayganla\u015fan yolda s\u00fcr\u00fcc\u00fcs\u00fcn\u00fcn direksiyon hakimiyetini kaybetmesiyle sonucu yoldan \u00e7\u0131karak demir kap\u0131ya \u00e7arpt\u0131. Kazada otomobil s\u00fcr\u00fcc\u00fcs\u00fc A.F.K. ile otomobilde yolcu konumunda&#8230;<\/p>\n","protected":false},"author":1,"featured_media":100117,"comment_status":"open","ping_status":"open","sticky":false,"template":"","format":"standard","meta":{"_crdt_document":"","footnotes":""},"categories":[5],"tags":[],"class_list":["post-100116","post","type-post","status-publish","format-standard","has-post-thumbnail","hentry","category-asayis"],"_links":{"self":[{"href":"https:\/\/www.egemtv.com\/index.php?rest_route=\/wp\/v2\/posts\/100116","targetHints":{"allow":["GET"]}}],"collection":[{"href":"https:\/\/www.egemtv.com\/index.php?rest_route=\/wp\/v2\/posts"}],"about":[{"href":"https:\/\/www.egemtv.com\/index.php?rest_route=\/wp\/v2\/types\/post"}],"author":[{"embeddable":true,"href":"https:\/\/www.egemtv.com\/index.php?rest_route=\/wp\/v2\/users\/1"}],"replies":[{"embeddable":true,"href":"https:\/\/www.egemtv.com\/index.php?rest_route=%2Fwp%2Fv2%2Fcomments&post=100116"}],"version-history":[{"count":1,"href":"https:\/\/www.egemtv.com\/index.php?rest_route=\/wp\/v2\/posts\/100116\/revisions"}],"predecessor-version":[{"id":100118,"href":"https:\/\/www.egemtv.com\/index.php?rest_route=\/wp\/v2\/posts\/100116\/revisions\/100118"}],"wp:featuredmedia":[{"embeddable":true,"href":"https:\/\/www.egemtv.com\/index.php?rest_route=\/wp\/v2\/media\/100117"}],"wp:attachment":[{"href":"https:\/\/www.egemtv.com\/index.php?rest_route=%2Fwp%2Fv2%2Fmedia&parent=100116"}],"wp:term":[{"taxonomy":"category","embeddable":true,"href":"https:\/\/www.egemtv.com\/index.php?rest_route=%2Fwp%2Fv2%2Fcategories&post=100116"},{"taxonomy":"post_tag","embeddable":true,"href":"https:\/\/www.egemtv.com\/index.php?rest_route=%2Fwp%2Fv2%2Ftags&post=100116"}],"curies":[{"name":"wp","href":"https:\/\/api.w.org\/{rel}","templated":true}]}}