{"id":100113,"date":"2026-05-03T17:10:52","date_gmt":"2026-05-03T14:10:52","guid":{"rendered":"https:\/\/www.egemtv.com\/?p=100113"},"modified":"2026-05-03T17:10:54","modified_gmt":"2026-05-03T14:10:54","slug":"didim-belediyesinden-hidirellez-senligi","status":"publish","type":"post","link":"https:\/\/www.egemtv.com\/?p=100113","title":{"rendered":"Didim Belediyesi\u2019nden H\u0131d\u0131rellez \u015eenli\u011fi"},"content":{"rendered":"<p>Didim Belediyesi, bahar\u0131n geli\u015fini simgeleyen ve do\u011fan\u0131n uyan\u0131\u015f\u0131n\u0131 m\u00fcjdeleyen H\u0131d\u0131rellez\u2019i bu y\u0131l da co\u015fkulu bir etkinlikle kutlamaya haz\u0131rlan\u0131yor. \u2019Bahar Birlikte G\u00fczel\u2019 slogan\u0131yla d\u00fczenlenecek H\u0131d\u0131rellez \u015eenli\u011fi, 5 May\u0131s Sal\u0131 g\u00fcn\u00fc saat 18.30\u2019da Amfi Tiyatro Ye\u015fil Alan\u2019da halk\u0131 bir araya getirecek.<\/p>\n<p>As\u0131rlard\u0131r s\u00fcrd\u00fcr\u00fclen H\u0131d\u0131rellez gelene\u011fi, etkinlik kapsam\u0131nda t\u00fcm renkleriyle ya\u015fat\u0131lacak. Kat\u0131l\u0131mc\u0131lar dileklerini tutacak, sembolik olarak ate\u015fin \u00fczerinden atlayarak yeni ba\u015flang\u0131\u00e7lara umutla ad\u0131m atacak. M\u00fczik ve \u00e7e\u015fitli etkinliklerle zenginle\u015ftirilecek program, Didim\u2019de bahar\u0131n enerjisini hep birlikte hissettirecek. Didim Belediye Ba\u015fkan\u0131 Hatice Gen\u00e7ay, etkinlik \u00f6ncesinde yapt\u0131\u011f\u0131 a\u00e7\u0131klamada t\u00fcm halk\u0131 \u015fenli\u011fe davet etti. Gen\u00e7ay, &#8220;Bahar\u0131n m\u00fcjdecisi H\u0131d\u0131rellez\u2019i birlik ve beraberlik i\u00e7inde kutlamak bizler i\u00e7in b\u00fcy\u00fck bir de\u011fer ta\u015f\u0131yor. Dileklerimizi birlikte tutaca\u011f\u0131m\u0131z, umutlar\u0131m\u0131z\u0131 tazeleyece\u011fimiz bu \u00f6zel ak\u015famda t\u00fcm halk\u0131m\u0131z\u0131 aram\u0131zda g\u00f6rmek istiyoruz&#8221; ifadelerini kulland\u0131.<br \/><\/p>\n","protected":false},"excerpt":{"rendered":"<p>Didim Belediyesi, bahar\u0131n geli\u015fini simgeleyen ve do\u011fan\u0131n uyan\u0131\u015f\u0131n\u0131 m\u00fcjdeleyen H\u0131d\u0131rellez\u2019i bu y\u0131l da co\u015fkulu bir etkinlikle kutlamaya haz\u0131rlan\u0131yor. \u2019Bahar Birlikte G\u00fczel\u2019 slogan\u0131yla d\u00fczenlenecek H\u0131d\u0131rellez \u015eenli\u011fi, 5 May\u0131s Sal\u0131 g\u00fcn\u00fc saat 18.30\u2019da Amfi Tiyatro Ye\u015fil Alan\u2019da halk\u0131 bir araya getirecek. As\u0131rlard\u0131r s\u00fcrd\u00fcr\u00fclen H\u0131d\u0131rellez gelene\u011fi, etkinlik kapsam\u0131nda t\u00fcm renkleriyle ya\u015fat\u0131lacak. Kat\u0131l\u0131mc\u0131lar dileklerini tutacak, sembolik olarak ate\u015fin \u00fczerinden&#8230;<\/p>\n","protected":false},"author":1,"featured_media":100114,"comment_status":"open","ping_status":"open","sticky":false,"template":"","format":"standard","meta":{"_crdt_document":"","footnotes":""},"categories":[1],"tags":[],"class_list":["post-100113","post","type-post","status-publish","format-standard","has-post-thumbnail","hentry","category-guncel"],"_links":{"self":[{"href":"https:\/\/www.egemtv.com\/index.php?rest_route=\/wp\/v2\/posts\/100113","targetHints":{"allow":["GET"]}}],"collection":[{"href":"https:\/\/www.egemtv.com\/index.php?rest_route=\/wp\/v2\/posts"}],"about":[{"href":"https:\/\/www.egemtv.com\/index.php?rest_route=\/wp\/v2\/types\/post"}],"author":[{"embeddable":true,"href":"https:\/\/www.egemtv.com\/index.php?rest_route=\/wp\/v2\/users\/1"}],"replies":[{"embeddable":true,"href":"https:\/\/www.egemtv.com\/index.php?rest_route=%2Fwp%2Fv2%2Fcomments&post=100113"}],"version-history":[{"count":1,"href":"https:\/\/www.egemtv.com\/index.php?rest_route=\/wp\/v2\/posts\/100113\/revisions"}],"predecessor-version":[{"id":100115,"href":"https:\/\/www.egemtv.com\/index.php?rest_route=\/wp\/v2\/posts\/100113\/revisions\/100115"}],"wp:featuredmedia":[{"embeddable":true,"href":"https:\/\/www.egemtv.com\/index.php?rest_route=\/wp\/v2\/media\/100114"}],"wp:attachment":[{"href":"https:\/\/www.egemtv.com\/index.php?rest_route=%2Fwp%2Fv2%2Fmedia&parent=100113"}],"wp:term":[{"taxonomy":"category","embeddable":true,"href":"https:\/\/www.egemtv.com\/index.php?rest_route=%2Fwp%2Fv2%2Fcategories&post=100113"},{"taxonomy":"post_tag","embeddable":true,"href":"https:\/\/www.egemtv.com\/index.php?rest_route=%2Fwp%2Fv2%2Ftags&post=100113"}],"curies":[{"name":"wp","href":"https:\/\/api.w.org\/{rel}","templated":true}]}}