{"id":100110,"date":"2026-05-03T16:00:39","date_gmt":"2026-05-03T13:00:39","guid":{"rendered":"https:\/\/www.egemtv.com\/?p=100110"},"modified":"2026-05-03T16:00:40","modified_gmt":"2026-05-03T13:00:40","slug":"ayesobta-secim-heyecani","status":"publish","type":"post","link":"https:\/\/www.egemtv.com\/?p=100110","title":{"rendered":"AYESOB\u2019ta se\u00e7im heyecan\u0131"},"content":{"rendered":"<p>Ayd\u0131n Esnaf ve Sanatkarlar Odalar\u0131 Birli\u011fi\u2019nde (AYESOB) se\u00e7im heyecan\u0131 ya\u015fan\u0131rken, iki aday ba\u015fkanl\u0131k i\u00e7in yar\u0131\u015f\u0131yor.<\/p>\n<p>AYESOB\u2019ta yeni d\u00f6nemde 4 y\u0131l g\u00f6rev yapacak olan ba\u015fkan ve y\u00f6netimini belirlemek i\u00e7in delegeler sand\u0131k ba\u015f\u0131na gitti. Delegeleri kap\u0131da kar\u015f\u0131layan ba\u015fkan ve y\u00f6netim kurulu adaylar\u0131 daha sonra salona ge\u00e7ti. AYESOB\u2019un mevcut ba\u015fkan\u0131 Muhammet Ali K\u00fcnkc\u00fc ile Ayd\u0131n \u015eof\u00f6rler Odas\u0131 Ba\u015fkan\u0131 Semih \u00d6zmeri\u00e7\u2019in aday oldu\u011fu genel kurulda divan ba\u015fkanl\u0131\u011f\u0131n\u0131 TESK Genel Ba\u015fkan Vekili ve T\u00fcrkiye F\u0131r\u0131nc\u0131lar Federasyonu Ba\u015fkan\u0131 Halil \u0130brahim Balc\u0131 \u00fcstlendi. Sayg\u0131 duru\u015fu ve \u0130stiklal Mar\u015f\u0131\u2019n\u0131n okunmas\u0131 ard\u0131ndan faaliyet ve denetim raporlar\u0131n\u0131n okunarak delegelerin oyuna sunularak delegelerin oylar\u0131na sunuldu.<\/p>\n<p>Kongrede ilk s\u00f6z\u00fc beyaz liste ile se\u00e7ime giren Ayd\u0131n \u015eof\u00f6rler Odas\u0131 Ba\u015fkan\u0131 Semih \u00d6zmeri\u00e7 ald\u0131. Konu\u015fmas\u0131n\u0131n ba\u015f\u0131nda oda ba\u015fkanlar ve y\u00f6netim kurulu \u00fcyelerine seslenen \u00d6zmeri\u00e7, &#8220;1 Ocak\u2019tan 31 Mart tarihine kadar yapm\u0131\u015f oldu\u011fumuz demokratik genel kurullarda hepimiz g\u00f6rev alm\u0131\u015f bulunmaktay\u0131z. Bu onur ve gururu sizlerle beraber ya\u015faman\u0131n mutlulu\u011funu hissediyorum. Hepinizi kutlar, yeni d\u00f6nemde ba\u015far\u0131lar dilerim. Bu mutluluk o kadar g\u00fczel bir mutluluk ve o kadar b\u00fcy\u00fck bir sorumluluk ki d\u00fc\u015f\u00fcnd\u00fck\u00e7e Ayd\u0131n gibi b\u00fcy\u00fck bir co\u011frafyada 82 odan\u0131n 600 delegesi ile asl\u0131nda biz Ayd\u0131n n\u00fcfusunun 5\u2019te 1\u2019ine hitap ediyoruz. 55 bin esnaf\u0131n g\u00fcvenini alm\u0131\u015f\u0131z. Bu g\u00fcveni almak demek esnaflar\u0131m\u0131z i\u00e7in \u00e7al\u0131\u015fmak demektir&#8221; dedi.<\/p>\n<p>Ayd\u0131n markas\u0131 olu\u015fturulmas\u0131 gerekti\u011fini ifade eden \u00d6zmeri\u00e7, &#8220;2026 y\u0131l\u0131 itibari ile sava\u015f \u00e7\u0131kmas\u0131, ekonomik krizin olmas\u0131 dolay\u0131s\u0131yla esnaf\u0131n \u00e7ok zor durumda oldu\u011fu hepimizin malumudur. Herkes bizden bir \u00e7\u00f6z\u00fcm bekliyor. Bizler yasan\u0131n bize verdi\u011fi sorumlulukla \u00e7al\u0131\u015fmalar\u0131m\u0131z\u0131 s\u00fcrd\u00fcr\u00fcyoruz. Odalar\u0131m\u0131z ile ilgili \u00e7e\u015fitli sorunlar var ama aslolan sokaktaki, k\u00f6\u015fedeki esnaf oldu\u011funu unutmamal\u0131y\u0131z ve onlar\u0131n sorunlar\u0131 ile ilgili \u00e7al\u0131\u015fmalar yapmam\u0131z \u00e7ok \u00f6nemli. Bu da bizim olu\u015fturaca\u011f\u0131m\u0131z komisyonlarda sorunlar\u0131n tespiti ve \u00e7\u00f6z\u00fcm \u00f6nerilerinin bilimsel olarak takip edilmesi gerekir. Gerekirse \u00fcniversiten gerekirse \u00fcst kurulu\u015flardan destek almak suretiyle bizlerin bir Ayd\u0131n markas\u0131 olu\u015fturmam\u0131z gerekiyor. D\u00fcnyan\u0131n en g\u00fczel co\u011frafyas\u0131nda ya\u015f\u0131yoruz. Bu co\u011frafyada \u00fcretilen tar\u0131m \u00fcr\u00fcnleri bizlerin karn\u0131m\u0131z\u0131 doyuran ve esnaf\u0131m\u0131z\u0131n kalitesini y\u00fckseltmesi i\u00e7in olmazsa olmazlard\u0131r. \u00dcz\u00fclerek s\u00f6yl\u00fcyorum ki ilimizdeki birka\u00e7 m\u00fcnferit olay dolay\u0131s\u0131yla bizim \u00fcr\u00fcnlerimiz ger\u00e7ek de\u011ferini bulamamaktad\u0131r. Bizim \u00fcretti\u011fimiz incirimiz, zeytin ya\u011f\u0131m\u0131z ve et \u00fcr\u00fcnlerimiz ba\u015fka yerlerde sat\u0131l\u0131yor. Ama bir Ayd\u0131n markas\u0131 olu\u015fmad\u0131\u011f\u0131 i\u00e7in bunun katma de\u011ferini biz esnaf ve sanatkarlar olarak alam\u0131yoruz. Bizim \u00f6ncelikli amac\u0131m\u0131z olu\u015fturaca\u011f\u0131m\u0131z b\u00f6lgesel meslek komisyonlar\u0131 ile bu \u00e7al\u0131\u015fmalar\u0131n bu kalite standard\u0131n\u0131n getirilmesidir&#8221; diye konu\u015farak se\u00e7imlerin hay\u0131rl\u0131 olmas\u0131n\u0131 diledi.<\/p>\n<p>Mavi liste ile se\u00e7ime giren AYESOB\u2019un mevcut ba\u015fkan\u0131 Muhammet Ali K\u00fcnkc\u00fc ise, &#8220;Bug\u00fcn itibari ile 4 y\u0131l\u0131 tamamlad\u0131k. \u00d6zellikle k\u00fc\u00e7\u00fck odalar\u0131m\u0131z tarihlerinde ilk defa maddi y\u00f6nden d\u00f6nemimizde rekor d\u00fczeyde yard\u0131m ald\u0131lar. Manevi olarak da biz odalar\u0131m\u0131z\u0131n ve y\u00f6netim kurulu \u00fcyelerinin daima yan\u0131nda olduk. Hi\u00e7 kimse bu birli\u011fin kap\u0131s\u0131ndan i\u00e7eri girdi\u011finde eli bo\u015f d\u00f6nmemi\u015ftir. Bu kurumda bir zamanlar genel sekreterin odas\u0131na girilmiyordu. Oda ba\u015fkanlar\u0131 birlik ba\u015fkan\u0131n\u0131n odas\u0131na giremiyordu. Ama \u015fimdi o i\u015f \u00f6yle de\u011fil vur kap\u0131y\u0131 gir i\u00e7eriye. Ayd\u0131n esnaf\u0131 i\u00e7in hangi kap\u0131y\u0131 \u00e7ald\u0131ysak istedi\u011fimizi ald\u0131k. Ankara\u2019daki dostlar\u0131m\u0131z ve itibar\u0131m\u0131z sayesinde hi\u00e7 isteyip de kap\u0131dan d\u00f6nd\u00fc\u011f\u00fcm\u00fcz olmad\u0131. Bizler sa\u011flam ad\u0131mlarla yolumuza devam ediyoruz. Her zaman sizin yan\u0131n\u0131zda olduk olmaya da devam ediyoruz. 4 y\u0131lda, 4 milyonun \u00fczerinde odalar\u0131m\u0131za geri \u00f6demeli paralar verdik. Hibe olarak da 4 milyon TL verildi. Bunlar bizim i\u00e7in \u00f6nemli rakamlar. Ne istemi\u015flerse imkanlar \u00f6l\u00e7\u00fcs\u00fcnde yerine getirdik. Bizim kap\u0131m\u0131zdan talep edip de geri d\u00f6nen olmad\u0131. Bu i\u015fi hakk\u0131yla yapmaya \u00e7al\u0131\u015ft\u0131m. Esnaf ve sanatkara hizmet Hakk\u2019a hizmettir. Biz buraya ba\u015fkan olmaya gelmedik, hizmetkar olmaya geldik. Ben 4 y\u0131l sizler i\u00e7in \u00e7al\u0131\u015ft\u0131m bug\u00fcn de sizlerden 4 dakikan\u0131z\u0131 istiyorum&#8221; ifadelerini kulland\u0131.<\/p>\n<p>Ba\u015fkan adaylar\u0131n\u0131n konu\u015fmalar\u0131n\u0131n ard\u0131ndan se\u00e7imlere ge\u00e7ilirken saat 17.00\u2019ye kadar s\u00fcrecek oy verme i\u015flemi sonras\u0131 AYESOB\u2019un yeni d\u00f6nem ba\u015fkan\u0131 belli olacak.<br \/><\/p>\n","protected":false},"excerpt":{"rendered":"<p>Ayd\u0131n Esnaf ve Sanatkarlar Odalar\u0131 Birli\u011fi\u2019nde (AYESOB) se\u00e7im heyecan\u0131 ya\u015fan\u0131rken, iki aday ba\u015fkanl\u0131k i\u00e7in yar\u0131\u015f\u0131yor. AYESOB\u2019ta yeni d\u00f6nemde 4 y\u0131l g\u00f6rev yapacak olan ba\u015fkan ve y\u00f6netimini belirlemek i\u00e7in delegeler sand\u0131k ba\u015f\u0131na gitti. Delegeleri kap\u0131da kar\u015f\u0131layan ba\u015fkan ve y\u00f6netim kurulu adaylar\u0131 daha sonra salona ge\u00e7ti. AYESOB\u2019un mevcut ba\u015fkan\u0131 Muhammet Ali K\u00fcnkc\u00fc ile Ayd\u0131n \u015eof\u00f6rler Odas\u0131 Ba\u015fkan\u0131&#8230;<\/p>\n","protected":false},"author":1,"featured_media":100111,"comment_status":"open","ping_status":"open","sticky":false,"template":"","format":"standard","meta":{"_crdt_document":"","footnotes":""},"categories":[5],"tags":[],"class_list":["post-100110","post","type-post","status-publish","format-standard","has-post-thumbnail","hentry","category-asayis"],"_links":{"self":[{"href":"https:\/\/www.egemtv.com\/index.php?rest_route=\/wp\/v2\/posts\/100110","targetHints":{"allow":["GET"]}}],"collection":[{"href":"https:\/\/www.egemtv.com\/index.php?rest_route=\/wp\/v2\/posts"}],"about":[{"href":"https:\/\/www.egemtv.com\/index.php?rest_route=\/wp\/v2\/types\/post"}],"author":[{"embeddable":true,"href":"https:\/\/www.egemtv.com\/index.php?rest_route=\/wp\/v2\/users\/1"}],"replies":[{"embeddable":true,"href":"https:\/\/www.egemtv.com\/index.php?rest_route=%2Fwp%2Fv2%2Fcomments&post=100110"}],"version-history":[{"count":1,"href":"https:\/\/www.egemtv.com\/index.php?rest_route=\/wp\/v2\/posts\/100110\/revisions"}],"predecessor-version":[{"id":100112,"href":"https:\/\/www.egemtv.com\/index.php?rest_route=\/wp\/v2\/posts\/100110\/revisions\/100112"}],"wp:featuredmedia":[{"embeddable":true,"href":"https:\/\/www.egemtv.com\/index.php?rest_route=\/wp\/v2\/media\/100111"}],"wp:attachment":[{"href":"https:\/\/www.egemtv.com\/index.php?rest_route=%2Fwp%2Fv2%2Fmedia&parent=100110"}],"wp:term":[{"taxonomy":"category","embeddable":true,"href":"https:\/\/www.egemtv.com\/index.php?rest_route=%2Fwp%2Fv2%2Fcategories&post=100110"},{"taxonomy":"post_tag","embeddable":true,"href":"https:\/\/www.egemtv.com\/index.php?rest_route=%2Fwp%2Fv2%2Ftags&post=100110"}],"curies":[{"name":"wp","href":"https:\/\/api.w.org\/{rel}","templated":true}]}}