{"id":100107,"date":"2026-05-03T15:25:37","date_gmt":"2026-05-03T12:25:37","guid":{"rendered":"https:\/\/www.egemtv.com\/?p=100107"},"modified":"2026-05-03T15:25:38","modified_gmt":"2026-05-03T12:25:38","slug":"spil-dagina-mayis-ayinda-kar-yagdi","status":"publish","type":"post","link":"https:\/\/www.egemtv.com\/?p=100107","title":{"rendered":"Spil Da\u011f\u0131\u2019na May\u0131s ay\u0131nda kar ya\u011fd\u0131"},"content":{"rendered":"<p>Manisa ve \u0130zmir aras\u0131nda yer alan 1517 rak\u0131ml\u0131 Spil Da\u011f\u0131 Milli Park\u0131\u2019na May\u0131s ay\u0131nda kar ya\u011fd\u0131. Sabaha kar\u015f\u0131 ba\u015flayan ya\u011f\u0131\u015fla birlikte do\u011fa beyaza b\u00fcr\u00fcn\u00fcrken, kar kal\u0131nl\u0131\u011f\u0131 yer yer 3 santimetreye ula\u015ft\u0131.<br \/>\n<br \/>Spil Da\u011f\u0131 Milli Park\u0131, bahar aylar\u0131nda k\u0131\u015ftan kalma bir g\u00fcn ya\u015f\u0131yor. B\u00f6lgede etkili olan so\u011fuk hava dalgas\u0131yla birlikte sabaha kar\u015f\u0131 ba\u015flayan kar ya\u011f\u0131\u015f\u0131, k\u0131sa s\u00fcrede Milli Park\u2019\u0131n zirve noktalar\u0131n\u0131 beyaza b\u00fcr\u00fcd\u00fc. Kar ya\u011f\u0131\u015f\u0131, Turgutalp Mahallesi mevkiinden itibaren etkisini hissettirirken, 900 metre rak\u0131m\u0131n \u00fczerinde kar kal\u0131nl\u0131\u011f\u0131n\u0131n 1 santimetreye ula\u015ft\u0131\u011f\u0131 g\u00f6r\u00fcld\u00fc. Bungalov tipi evlerin yer ald\u0131\u011f\u0131 1210 rak\u0131ml\u0131 Atalan\u0131 mevkiinde ise kar kal\u0131nl\u0131\u011f\u0131 yer yer 3 santimetreyi buldu. Kar haberini alan do\u011faseverler zirveye ak\u0131n etti. \u0130zmir\u2019in Bal\u00e7ova il\u00e7esinden kar ya\u011f\u0131\u015f\u0131n\u0131 takip etmek i\u00e7in gelen Onur K\u0131ymet, ya\u015fad\u0131\u011f\u0131 \u015fa\u015fk\u0131nl\u0131\u011f\u0131 \u015fu s\u00f6zlerle anlatt\u0131: &#8220;May\u0131s\u2019ta daha \u00f6nce hi\u00e7 denk gelmedik. Zaten s\u0131k s\u0131k \u00e7\u0131k\u0131yorum bu da\u011fa. Kendim aktif olarak amat\u00f6r meteoroloji bilimiyle u\u011fra\u015f\u0131yorum. Ama hi\u00e7bir zaman Spil Da\u011f\u0131\u2019nda May\u0131s ay\u0131nda kar ya\u011fd\u0131\u011f\u0131n\u0131 g\u00f6rmedim. Teorik olarak da \u015fahit olmad\u0131m. \u00d6nceden tahminini yapt\u0131k. Yakalamak i\u00e7in geldik. Kar ya\u011f\u0131\u015f\u0131n\u0131 yakalamak i\u00e7in geldik. \u015eimdi manzaran\u0131n tad\u0131n\u0131 \u00e7\u0131kar\u0131yoruz. May\u0131s ay\u0131nda kolay kolay g\u00f6remeyece\u011fimiz, g\u00f6remeyece\u011fimiz bir \u015fey&#8221;<br \/>\n<br \/>Hafta sonu gezisi i\u00e7in Spil Da\u011f\u0131\u2019n\u0131 tercih eden vatanda\u015flar, 3 May\u0131s sabah\u0131 kar ya\u011f\u0131\u015f\u0131 s\u00fcrpriziyle uyand\u0131. Ziyaret\u00e7ilerden Recep Demiry\u00fcrek, &#8220;Spil Da\u011f\u0131\u2019na ziyarete geldim ama bir s\u00fcrprizle kar\u015f\u0131la\u015ft\u0131k. 3 May\u0131s 2026 Pazar g\u00fcn\u00fc Spil Da\u011f\u0131\u2019nda \u015fu an \u00e7ok g\u00fczel kar ya\u011f\u0131yor. Daha \u00f6nce hi\u00e7 b\u00f6yle denk gelmemi\u015ftik. Yani en son Nisan\u2019da g\u00f6rm\u00fc\u015ft\u00fck, May\u0131s ay\u0131nda kar ya\u011fmas\u0131 bize s\u00fcrpriz oldu&#8221; ifadelerini kulland\u0131.<br \/>\n<br \/>Karla kaplanan Spil Da\u011f\u0131 Milli Park\u0131 yolunda Manisa B\u00fcy\u00fck\u015fehir Belediyesi\u2019ne ba\u011fl\u0131 ekipler teyakkuza ge\u00e7ti. B\u00f6lgeye sevk edilen greyderlerle yolda kar temizleme \u00e7al\u0131\u015fmas\u0131 y\u00fcr\u00fct\u00fclerek, vatanda\u015flar\u0131n ula\u015f\u0131mda aksama ya\u015famamas\u0131 sa\u011fland\u0131.<br \/><\/p>\n","protected":false},"excerpt":{"rendered":"<p>Manisa ve \u0130zmir aras\u0131nda yer alan 1517 rak\u0131ml\u0131 Spil Da\u011f\u0131 Milli Park\u0131\u2019na May\u0131s ay\u0131nda kar ya\u011fd\u0131. Sabaha kar\u015f\u0131 ba\u015flayan ya\u011f\u0131\u015fla birlikte do\u011fa beyaza b\u00fcr\u00fcn\u00fcrken, kar kal\u0131nl\u0131\u011f\u0131 yer yer 3 santimetreye ula\u015ft\u0131. Spil Da\u011f\u0131 Milli Park\u0131, bahar aylar\u0131nda k\u0131\u015ftan kalma bir g\u00fcn ya\u015f\u0131yor. B\u00f6lgede etkili olan so\u011fuk hava dalgas\u0131yla birlikte sabaha kar\u015f\u0131 ba\u015flayan kar ya\u011f\u0131\u015f\u0131, k\u0131sa&#8230;<\/p>\n","protected":false},"author":1,"featured_media":100108,"comment_status":"open","ping_status":"open","sticky":false,"template":"","format":"standard","meta":{"_crdt_document":"","footnotes":""},"categories":[1],"tags":[],"class_list":["post-100107","post","type-post","status-publish","format-standard","has-post-thumbnail","hentry","category-guncel"],"_links":{"self":[{"href":"https:\/\/www.egemtv.com\/index.php?rest_route=\/wp\/v2\/posts\/100107","targetHints":{"allow":["GET"]}}],"collection":[{"href":"https:\/\/www.egemtv.com\/index.php?rest_route=\/wp\/v2\/posts"}],"about":[{"href":"https:\/\/www.egemtv.com\/index.php?rest_route=\/wp\/v2\/types\/post"}],"author":[{"embeddable":true,"href":"https:\/\/www.egemtv.com\/index.php?rest_route=\/wp\/v2\/users\/1"}],"replies":[{"embeddable":true,"href":"https:\/\/www.egemtv.com\/index.php?rest_route=%2Fwp%2Fv2%2Fcomments&post=100107"}],"version-history":[{"count":1,"href":"https:\/\/www.egemtv.com\/index.php?rest_route=\/wp\/v2\/posts\/100107\/revisions"}],"predecessor-version":[{"id":100109,"href":"https:\/\/www.egemtv.com\/index.php?rest_route=\/wp\/v2\/posts\/100107\/revisions\/100109"}],"wp:featuredmedia":[{"embeddable":true,"href":"https:\/\/www.egemtv.com\/index.php?rest_route=\/wp\/v2\/media\/100108"}],"wp:attachment":[{"href":"https:\/\/www.egemtv.com\/index.php?rest_route=%2Fwp%2Fv2%2Fmedia&parent=100107"}],"wp:term":[{"taxonomy":"category","embeddable":true,"href":"https:\/\/www.egemtv.com\/index.php?rest_route=%2Fwp%2Fv2%2Fcategories&post=100107"},{"taxonomy":"post_tag","embeddable":true,"href":"https:\/\/www.egemtv.com\/index.php?rest_route=%2Fwp%2Fv2%2Ftags&post=100107"}],"curies":[{"name":"wp","href":"https:\/\/api.w.org\/{rel}","templated":true}]}}