{"id":100104,"date":"2026-05-03T15:25:36","date_gmt":"2026-05-03T12:25:36","guid":{"rendered":"https:\/\/www.egemtv.com\/?p=100104"},"modified":"2026-05-03T15:25:37","modified_gmt":"2026-05-03T12:25:37","slug":"ortacada-polisten-kacis-faciayla-sonuclandi","status":"publish","type":"post","link":"https:\/\/www.egemtv.com\/?p=100104","title":{"rendered":"Ortaca\u2019da polisten ka\u00e7\u0131\u015f faciayla sonu\u00e7land\u0131"},"content":{"rendered":"<p>Mu\u011fla\u2019n\u0131n Ortaca il\u00e7esine ba\u011fl\u0131 Kocabel mevkiinde polisin dur ihtar\u0131na uymayan ve ka\u00e7an motosiklet s\u00fcr\u00fcc\u00fcs\u00fc 16 ya\u015f\u0131ndaki gen\u00e7 direksiyon hakimiyetine kaybederek d\u00fc\u015fmesi sonras\u0131 ya\u015fam\u0131n\u0131 yitirdi.<br \/>\n<br \/>Edinilen bilgilere g\u00f6re, 16 ya\u015f\u0131nda oldu\u011fu ve ehliyetsiz \u015fekilde motosiklet kulland\u0131\u011f\u0131 ileri s\u00fcr\u00fclen E.B., polis ekiplerinin \u2018Dur\u2019 ihtar\u0131na uymayarak ka\u00e7maya ba\u015flad\u0131. K\u0131sa s\u00fcrede kovalamacaya d\u00f6n\u00fc\u015fen olayda, gen\u00e7 s\u00fcr\u00fcc\u00fc motosikletinin kontrol\u00fcn\u00fc kaybederek kaza yapt\u0131.<br \/>\n<br \/>\u0130hbar \u00fczerine olay yerine sevk edilen sa\u011fl\u0131k ekipleri, a\u011f\u0131r yaralanan s\u00fcr\u00fcc\u00fcye m\u00fcdahalede bulundu. Ancak yap\u0131lan t\u00fcm m\u00fcdahalelere ra\u011fmen E.B.\u2019nin olay yerinde hayat\u0131n\u0131 kaybetti\u011fi belirlendi. Hayat\u0131n\u0131 kaybeden gencin ailesinin tek \u00e7ocu\u011fu oldu\u011fu \u00f6\u011frenildi.<br \/>\n<br \/>Olayla ilgili soru\u015fturma Ortaca Cumhuriyet Savc\u0131l\u0131\u011f\u0131 taraf\u0131ndan ba\u015flat\u0131ld\u0131.<br \/><\/p>\n","protected":false},"excerpt":{"rendered":"<p>Mu\u011fla\u2019n\u0131n Ortaca il\u00e7esine ba\u011fl\u0131 Kocabel mevkiinde polisin dur ihtar\u0131na uymayan ve ka\u00e7an motosiklet s\u00fcr\u00fcc\u00fcs\u00fc 16 ya\u015f\u0131ndaki gen\u00e7 direksiyon hakimiyetine kaybederek d\u00fc\u015fmesi sonras\u0131 ya\u015fam\u0131n\u0131 yitirdi. Edinilen bilgilere g\u00f6re, 16 ya\u015f\u0131nda oldu\u011fu ve ehliyetsiz \u015fekilde motosiklet kulland\u0131\u011f\u0131 ileri s\u00fcr\u00fclen E.B., polis ekiplerinin \u2018Dur\u2019 ihtar\u0131na uymayarak ka\u00e7maya ba\u015flad\u0131. K\u0131sa s\u00fcrede kovalamacaya d\u00f6n\u00fc\u015fen olayda, gen\u00e7 s\u00fcr\u00fcc\u00fc motosikletinin kontrol\u00fcn\u00fc kaybederek&#8230;<\/p>\n","protected":false},"author":1,"featured_media":100105,"comment_status":"open","ping_status":"open","sticky":false,"template":"","format":"standard","meta":{"_crdt_document":"","footnotes":""},"categories":[5],"tags":[],"class_list":["post-100104","post","type-post","status-publish","format-standard","has-post-thumbnail","hentry","category-asayis"],"_links":{"self":[{"href":"https:\/\/www.egemtv.com\/index.php?rest_route=\/wp\/v2\/posts\/100104","targetHints":{"allow":["GET"]}}],"collection":[{"href":"https:\/\/www.egemtv.com\/index.php?rest_route=\/wp\/v2\/posts"}],"about":[{"href":"https:\/\/www.egemtv.com\/index.php?rest_route=\/wp\/v2\/types\/post"}],"author":[{"embeddable":true,"href":"https:\/\/www.egemtv.com\/index.php?rest_route=\/wp\/v2\/users\/1"}],"replies":[{"embeddable":true,"href":"https:\/\/www.egemtv.com\/index.php?rest_route=%2Fwp%2Fv2%2Fcomments&post=100104"}],"version-history":[{"count":1,"href":"https:\/\/www.egemtv.com\/index.php?rest_route=\/wp\/v2\/posts\/100104\/revisions"}],"predecessor-version":[{"id":100106,"href":"https:\/\/www.egemtv.com\/index.php?rest_route=\/wp\/v2\/posts\/100104\/revisions\/100106"}],"wp:featuredmedia":[{"embeddable":true,"href":"https:\/\/www.egemtv.com\/index.php?rest_route=\/wp\/v2\/media\/100105"}],"wp:attachment":[{"href":"https:\/\/www.egemtv.com\/index.php?rest_route=%2Fwp%2Fv2%2Fmedia&parent=100104"}],"wp:term":[{"taxonomy":"category","embeddable":true,"href":"https:\/\/www.egemtv.com\/index.php?rest_route=%2Fwp%2Fv2%2Fcategories&post=100104"},{"taxonomy":"post_tag","embeddable":true,"href":"https:\/\/www.egemtv.com\/index.php?rest_route=%2Fwp%2Fv2%2Ftags&post=100104"}],"curies":[{"name":"wp","href":"https:\/\/api.w.org\/{rel}","templated":true}]}}