{"id":100101,"date":"2026-05-03T14:15:41","date_gmt":"2026-05-03T11:15:41","guid":{"rendered":"https:\/\/www.egemtv.com\/?p=100101"},"modified":"2026-05-03T14:15:43","modified_gmt":"2026-05-03T11:15:43","slug":"otomobil-sulama-kanalina-uctu","status":"publish","type":"post","link":"https:\/\/www.egemtv.com\/?p=100101","title":{"rendered":"Otomobil sulama kanal\u0131na u\u00e7tu"},"content":{"rendered":"<p>Ayd\u0131n\u2019\u0131n Efeler il\u00e7esinde yoldan \u00e7\u0131kan otomobil sulama kanal\u0131na u\u00e7tu.<\/p>\n<p>Edinilen bilgiye g\u00f6re, G.K. idaresindeki otomobil s\u00fcr\u00fcc\u00fcs\u00fcn\u00fcn direksiyon hakimiyetini kaybetmesi \u00fczerine Hayvan Pazar\u0131 mevkiinde sulama kanal\u0131na u\u00e7tu. S\u00fcr\u00fcc\u00fc G.K. kendi imkanlar\u0131 ile ara\u00e7tan d\u0131\u015far\u0131 \u00e7\u0131kt\u0131\u011f\u0131 \u00f6\u011frenildi. Kaza ihbar\u0131 \u00fczerine b\u00f6lgeye Ayd\u0131n B\u00fcy\u00fck\u015fehir Belediyesi \u0130tfaiye ve jandarma ekipleri sevk edildi. Ara\u00e7 s\u00fcr\u00fcc\u00fcs\u00fc G.K.\u2019n\u0131n sa\u011fl\u0131k durumunun iyi oldu\u011fu \u00f6\u011frenildi.<\/p>\n<p>Kazayla ilgili soru\u015fturma devam ediyor.<br \/><\/p>\n","protected":false},"excerpt":{"rendered":"<p>Ayd\u0131n\u2019\u0131n Efeler il\u00e7esinde yoldan \u00e7\u0131kan otomobil sulama kanal\u0131na u\u00e7tu. Edinilen bilgiye g\u00f6re, G.K. idaresindeki otomobil s\u00fcr\u00fcc\u00fcs\u00fcn\u00fcn direksiyon hakimiyetini kaybetmesi \u00fczerine Hayvan Pazar\u0131 mevkiinde sulama kanal\u0131na u\u00e7tu. S\u00fcr\u00fcc\u00fc G.K. kendi imkanlar\u0131 ile ara\u00e7tan d\u0131\u015far\u0131 \u00e7\u0131kt\u0131\u011f\u0131 \u00f6\u011frenildi. Kaza ihbar\u0131 \u00fczerine b\u00f6lgeye Ayd\u0131n B\u00fcy\u00fck\u015fehir Belediyesi \u0130tfaiye ve jandarma ekipleri sevk edildi. Ara\u00e7 s\u00fcr\u00fcc\u00fcs\u00fc G.K.\u2019n\u0131n sa\u011fl\u0131k durumunun iyi oldu\u011fu&#8230;<\/p>\n","protected":false},"author":1,"featured_media":100102,"comment_status":"open","ping_status":"open","sticky":false,"template":"","format":"standard","meta":{"_crdt_document":"","footnotes":""},"categories":[1],"tags":[],"class_list":["post-100101","post","type-post","status-publish","format-standard","has-post-thumbnail","hentry","category-guncel"],"_links":{"self":[{"href":"https:\/\/www.egemtv.com\/index.php?rest_route=\/wp\/v2\/posts\/100101","targetHints":{"allow":["GET"]}}],"collection":[{"href":"https:\/\/www.egemtv.com\/index.php?rest_route=\/wp\/v2\/posts"}],"about":[{"href":"https:\/\/www.egemtv.com\/index.php?rest_route=\/wp\/v2\/types\/post"}],"author":[{"embeddable":true,"href":"https:\/\/www.egemtv.com\/index.php?rest_route=\/wp\/v2\/users\/1"}],"replies":[{"embeddable":true,"href":"https:\/\/www.egemtv.com\/index.php?rest_route=%2Fwp%2Fv2%2Fcomments&post=100101"}],"version-history":[{"count":1,"href":"https:\/\/www.egemtv.com\/index.php?rest_route=\/wp\/v2\/posts\/100101\/revisions"}],"predecessor-version":[{"id":100103,"href":"https:\/\/www.egemtv.com\/index.php?rest_route=\/wp\/v2\/posts\/100101\/revisions\/100103"}],"wp:featuredmedia":[{"embeddable":true,"href":"https:\/\/www.egemtv.com\/index.php?rest_route=\/wp\/v2\/media\/100102"}],"wp:attachment":[{"href":"https:\/\/www.egemtv.com\/index.php?rest_route=%2Fwp%2Fv2%2Fmedia&parent=100101"}],"wp:term":[{"taxonomy":"category","embeddable":true,"href":"https:\/\/www.egemtv.com\/index.php?rest_route=%2Fwp%2Fv2%2Fcategories&post=100101"},{"taxonomy":"post_tag","embeddable":true,"href":"https:\/\/www.egemtv.com\/index.php?rest_route=%2Fwp%2Fv2%2Ftags&post=100101"}],"curies":[{"name":"wp","href":"https:\/\/api.w.org\/{rel}","templated":true}]}}