{"id":100098,"date":"2026-05-03T14:15:39","date_gmt":"2026-05-03T11:15:39","guid":{"rendered":"https:\/\/www.egemtv.com\/?p=100098"},"modified":"2026-05-03T14:15:41","modified_gmt":"2026-05-03T11:15:41","slug":"eyyup-kadir-inandan-izmir-cevre-yolunun-ucretli-olacagi-iddialarina-yalanlama","status":"publish","type":"post","link":"https:\/\/www.egemtv.com\/?p=100098","title":{"rendered":"Eyy\u00fcp Kadir \u0130nan\u2019dan \u0130zmir \u00c7evre Yolu\u2019nun \u00fccretli olaca\u011f\u0131 iddialar\u0131na yalanlama"},"content":{"rendered":"<p>\u0130zmir\u2019de son g\u00fcnlerde g\u00fcndeme gelen \u00e7evre yolunun \u00f6zelle\u015ftirilece\u011fi ve \u00fccretli olaca\u011f\u0131 y\u00f6n\u00fcndeki iddialara tepki g\u00f6steren AK Parti Genel Sekreteri ve \u0130zmir Milletvekili Eyy\u00fcp Kadir \u0130nan, bu s\u00f6ylemlerin ger\u00e7e\u011fi yans\u0131tmad\u0131\u011f\u0131n\u0131 belirtti. Ortaya at\u0131lan iddialar\u0131n b\u00fcy\u00fck bir yalan ve iftira oldu\u011funu vurgulayan \u0130nan, Karayollar\u0131 Genel M\u00fcd\u00fcrl\u00fc\u011f\u00fcn\u00fcn de gerekli a\u00e7\u0131klamay\u0131 yaparak tart\u0131\u015fmalara son noktay\u0131 koydu\u011funu s\u00f6yledi.<br \/>\n<br \/>\u0130zmir Esnaf ve Sanatk\u00e2rlar Odalar\u0131 Birli\u011finin 27. Ola\u011fan Genel Kurul Toplant\u0131s\u0131\u2019nda konu\u015fan \u0130nan, kent g\u00fcndemine ve k\u00fcresel geli\u015fmelere dair de\u011ferlendirmelerde bulundu. \u00c7evre yolu iddialar\u0131 \u00fczerinden y\u00fcr\u00fct\u00fclen tart\u0131\u015fmalara de\u011finen \u0130nan, &#8220;\u0130zmir \u00c7evre Yolu\u2019nun \u00f6zelle\u015ftirilece\u011fi ve \u00fccretli olaca\u011f\u0131 y\u00f6n\u00fcndeki iddialar k\u00fclliyen iftirad\u0131r. Bu, m\u00fcthi\u015f bir iddia de\u011fil, m\u00fcthi\u015f bir yaland\u0131r. Karayollar\u0131 Genel M\u00fcd\u00fcrl\u00fc\u011f\u00fcm\u00fcz de bu yalanlara noktay\u0131 koymu\u015ftur&#8221; dedi.<br \/>\n<br \/>K\u00fcresel krizlere ra\u011fmen \u00fclkenin g\u00fc\u00e7l\u00fc duru\u015funu korudu\u011funu ve yat\u0131r\u0131mc\u0131lar i\u00e7in cazip hale getirildi\u011fini aktaran \u0130nan, &#8220;Bu f\u0131rt\u0131nal\u0131 denizde T\u00fcrkiye gemisini sa\u011f salim limana yana\u015ft\u0131ran en b\u00fcy\u00fck g\u00fcvencemiz, Cumhurba\u015fkan\u0131m\u0131z Recep Tayyip Erdo\u011fan\u2019\u0131n tecr\u00fcbeli liderli\u011fidir. Vatanda\u015f\u0131m\u0131z\u0131n a\u015f\u0131n\u0131 ve i\u015fini korumak, esnaf\u0131m\u0131z\u0131n tezg\u00e2h\u0131n\u0131 ayakta tutmak, \u00fcretim \u00e7arklar\u0131n\u0131n d\u00f6nmesini sa\u011flamak ve hayat pahal\u0131l\u0131\u011f\u0131yla amans\u0131z m\u00fccadele etmek en temel \u00f6nceli\u011fimizdir&#8221; ifadelerini kulland\u0131.<\/p>\n<p>Ticaretin damarlar\u0131 kesildi<br \/>\n<br \/>\u0130zmir\u2019in \u00c7ankaya b\u00f6lgesindeki esnaf\u0131n \u00e7e\u015fitli uygulamalarla zor durumda b\u0131rak\u0131ld\u0131\u011f\u0131n\u0131 savunan \u0130nan, &#8220;\u015eair E\u015fref Bulvar\u0131\u2019nda, Basmane\u2019de, Talatpa\u015fa\u2019da, \u0130ki\u00e7e\u015fmelik\u2019te s\u0131rf esnaf\u0131 d\u0131\u015flamak i\u00e7in otob\u00fcs duraklar\u0131n\u0131n yerleriyle dahi oynad\u0131lar. Bit Pazar\u0131\u2019n\u0131n itibar\u0131n\u0131 sarsmak i\u00e7in yapmad\u0131klar\u0131n\u0131 b\u0131rakmad\u0131lar. Biz ise yeniden \u00c7ankaya\u2019n\u0131n damarlar\u0131na kan gitsin diye Basmane \u00e7ukurunu hayata kazand\u0131rmak istiyoruz&#8221; diyerek b\u00f6lgenin yeniden canland\u0131r\u0131laca\u011f\u0131n\u0131 dile getirdi<\/p>\n<p>Kazanan \u0130zmir olacak<br \/>\n<br \/>\u0130zmir Liman\u0131 \u00fczerinden y\u00fcr\u00fct\u00fclen tart\u0131\u015fmalara da dikkati \u00e7eken \u0130nan, liman\u0131n yerli sermaye taraf\u0131ndan i\u015fletilece\u011fini belirterek, &#8220;Varl\u0131k Fonu ve Albayraklar Grubu liman\u0131 i\u015fletmeyi devral\u0131yor. Oraya milyarl\u0131k altyap\u0131 yat\u0131r\u0131m\u0131 yap\u0131lacak. \u015eehrin i\u00e7ine y\u0131llard\u0131r bir han\u00e7er gibi saplanan o liman\u0131 tekrar \u015fehirle bar\u0131\u015ft\u0131raca\u011f\u0131z. Liman tam kapasite \u00e7al\u0131\u015facak. Esnaf kazanacak, liman kazanacak, \u0130zmir kazanacak&#8221; diye konu\u015ftu.<\/p>\n<p>\u00c7e\u015fme Projesi i\u00e7in destek \u00e7a\u011fr\u0131s\u0131<br \/>\n<br \/>Kent ekonomisi a\u00e7\u0131s\u0131ndan \u00c7e\u015fme Projesi\u2019nin kritik bir \u00f6neme sahip oldu\u011funu vurgulayan \u0130nan, her sene iki milyar dolar\u0131 \u0130zmir ticaretine kazand\u0131racak devasa bir projeden bahsettiklerini aktard\u0131. Projenin el birli\u011fiyle hayata ge\u00e7irilmesi durumunda sadece iki sene i\u00e7erisinde 20 milyar lira yat\u0131r\u0131m\u0131n do\u011frudan kente gelece\u011fini ve 100 bin gence istihdam sa\u011flanaca\u011f\u0131n\u0131 dile getiren \u0130nan, t\u00fcm siyasi partilere destek \u00e7a\u011fr\u0131s\u0131nda bulunarak siyasi \u00e7eki\u015fmelerin bir kenara b\u0131rak\u0131lmas\u0131n\u0131 ve kentin gelece\u011fi i\u00e7in ortak bir ad\u0131m at\u0131lmas\u0131 gerekti\u011fini ifade etti.<br \/>\n<br \/>\u0130nan, konu\u015fmas\u0131n\u0131n ard\u0131ndan \u0130zmir Esnaf ve Sanatk\u00e2rlar Odalar\u0131 Birli\u011fi Ba\u015fkanl\u0131\u011f\u0131na se\u00e7ilen Yal\u00e7\u0131n Ata ve y\u00f6netimini tebrik etti.<br \/><\/p>\n","protected":false},"excerpt":{"rendered":"<p>\u0130zmir\u2019de son g\u00fcnlerde g\u00fcndeme gelen \u00e7evre yolunun \u00f6zelle\u015ftirilece\u011fi ve \u00fccretli olaca\u011f\u0131 y\u00f6n\u00fcndeki iddialara tepki g\u00f6steren AK Parti Genel Sekreteri ve \u0130zmir Milletvekili Eyy\u00fcp Kadir \u0130nan, bu s\u00f6ylemlerin ger\u00e7e\u011fi yans\u0131tmad\u0131\u011f\u0131n\u0131 belirtti. Ortaya at\u0131lan iddialar\u0131n b\u00fcy\u00fck bir yalan ve iftira oldu\u011funu vurgulayan \u0130nan, Karayollar\u0131 Genel M\u00fcd\u00fcrl\u00fc\u011f\u00fcn\u00fcn de gerekli a\u00e7\u0131klamay\u0131 yaparak tart\u0131\u015fmalara son noktay\u0131 koydu\u011funu s\u00f6yledi. \u0130zmir Esnaf&#8230;<\/p>\n","protected":false},"author":1,"featured_media":100099,"comment_status":"open","ping_status":"open","sticky":false,"template":"","format":"standard","meta":{"_crdt_document":"","footnotes":""},"categories":[127],"tags":[],"class_list":["post-100098","post","type-post","status-publish","format-standard","has-post-thumbnail","hentry","category-siyaset"],"_links":{"self":[{"href":"https:\/\/www.egemtv.com\/index.php?rest_route=\/wp\/v2\/posts\/100098","targetHints":{"allow":["GET"]}}],"collection":[{"href":"https:\/\/www.egemtv.com\/index.php?rest_route=\/wp\/v2\/posts"}],"about":[{"href":"https:\/\/www.egemtv.com\/index.php?rest_route=\/wp\/v2\/types\/post"}],"author":[{"embeddable":true,"href":"https:\/\/www.egemtv.com\/index.php?rest_route=\/wp\/v2\/users\/1"}],"replies":[{"embeddable":true,"href":"https:\/\/www.egemtv.com\/index.php?rest_route=%2Fwp%2Fv2%2Fcomments&post=100098"}],"version-history":[{"count":1,"href":"https:\/\/www.egemtv.com\/index.php?rest_route=\/wp\/v2\/posts\/100098\/revisions"}],"predecessor-version":[{"id":100100,"href":"https:\/\/www.egemtv.com\/index.php?rest_route=\/wp\/v2\/posts\/100098\/revisions\/100100"}],"wp:featuredmedia":[{"embeddable":true,"href":"https:\/\/www.egemtv.com\/index.php?rest_route=\/wp\/v2\/media\/100099"}],"wp:attachment":[{"href":"https:\/\/www.egemtv.com\/index.php?rest_route=%2Fwp%2Fv2%2Fmedia&parent=100098"}],"wp:term":[{"taxonomy":"category","embeddable":true,"href":"https:\/\/www.egemtv.com\/index.php?rest_route=%2Fwp%2Fv2%2Fcategories&post=100098"},{"taxonomy":"post_tag","embeddable":true,"href":"https:\/\/www.egemtv.com\/index.php?rest_route=%2Fwp%2Fv2%2Ftags&post=100098"}],"curies":[{"name":"wp","href":"https:\/\/api.w.org\/{rel}","templated":true}]}}