{"id":100095,"date":"2026-05-03T13:40:46","date_gmt":"2026-05-03T10:40:46","guid":{"rendered":"https:\/\/www.egemtv.com\/?p=100095"},"modified":"2026-05-03T13:40:48","modified_gmt":"2026-05-03T10:40:48","slug":"aydinda-mayis-ayinda-kar-surprizi","status":"publish","type":"post","link":"https:\/\/www.egemtv.com\/?p=100095","title":{"rendered":"Ayd\u0131n\u2019da May\u0131s ay\u0131nda kar s\u00fcrprizi"},"content":{"rendered":"<p>Ayd\u0131n\u2019\u0131n Nazilli il\u00e7esinde y\u00fcksek kesimlerde May\u0131s ay\u0131nda kar s\u00fcrprizi ya\u015fand\u0131.<\/p>\n<p>Meteoroloji\u2019nin ya\u011f\u0131\u015f uyar\u0131s\u0131n\u0131n ard\u0131nda Ayd\u0131n il genelinde yerel olarak ya\u011f\u0131\u015fl\u0131 hava kendini g\u00f6steriyor. Nazilli\u2019nin y\u00fcksek rak\u0131ml\u0131 b\u00f6lgelerinde ise kar s\u00fcrprizi ya\u015fand\u0131. \u00c7atak Mahallesi\u2019nde da\u011fl\u0131k alanda May\u0131s ay\u0131nda kar ya\u011f\u0131\u015f\u0131 g\u00f6r\u00fcld\u00fc. Sabah saatlerinde ba\u015flayan kar ya\u011f\u0131\u015f\u0131 ile birlikte a\u011fa\u00e7lar ve yollar beyaza b\u00fcr\u00fcnd\u00fc. Ya\u011f\u0131\u015fl\u0131 havan\u0131n yar\u0131 sabah saatlerine kadar aral\u0131klarla deva etmesi bekleniyor.<br \/><\/p>\n","protected":false},"excerpt":{"rendered":"<p>Ayd\u0131n\u2019\u0131n Nazilli il\u00e7esinde y\u00fcksek kesimlerde May\u0131s ay\u0131nda kar s\u00fcrprizi ya\u015fand\u0131. Meteoroloji\u2019nin ya\u011f\u0131\u015f uyar\u0131s\u0131n\u0131n ard\u0131nda Ayd\u0131n il genelinde yerel olarak ya\u011f\u0131\u015fl\u0131 hava kendini g\u00f6steriyor. Nazilli\u2019nin y\u00fcksek rak\u0131ml\u0131 b\u00f6lgelerinde ise kar s\u00fcrprizi ya\u015fand\u0131. \u00c7atak Mahallesi\u2019nde da\u011fl\u0131k alanda May\u0131s ay\u0131nda kar ya\u011f\u0131\u015f\u0131 g\u00f6r\u00fcld\u00fc. Sabah saatlerinde ba\u015flayan kar ya\u011f\u0131\u015f\u0131 ile birlikte a\u011fa\u00e7lar ve yollar beyaza b\u00fcr\u00fcnd\u00fc. Ya\u011f\u0131\u015fl\u0131 havan\u0131n yar\u0131&#8230;<\/p>\n","protected":false},"author":1,"featured_media":100096,"comment_status":"open","ping_status":"open","sticky":false,"template":"","format":"standard","meta":{"_crdt_document":"","footnotes":""},"categories":[1],"tags":[],"class_list":["post-100095","post","type-post","status-publish","format-standard","has-post-thumbnail","hentry","category-guncel"],"_links":{"self":[{"href":"https:\/\/www.egemtv.com\/index.php?rest_route=\/wp\/v2\/posts\/100095","targetHints":{"allow":["GET"]}}],"collection":[{"href":"https:\/\/www.egemtv.com\/index.php?rest_route=\/wp\/v2\/posts"}],"about":[{"href":"https:\/\/www.egemtv.com\/index.php?rest_route=\/wp\/v2\/types\/post"}],"author":[{"embeddable":true,"href":"https:\/\/www.egemtv.com\/index.php?rest_route=\/wp\/v2\/users\/1"}],"replies":[{"embeddable":true,"href":"https:\/\/www.egemtv.com\/index.php?rest_route=%2Fwp%2Fv2%2Fcomments&post=100095"}],"version-history":[{"count":1,"href":"https:\/\/www.egemtv.com\/index.php?rest_route=\/wp\/v2\/posts\/100095\/revisions"}],"predecessor-version":[{"id":100097,"href":"https:\/\/www.egemtv.com\/index.php?rest_route=\/wp\/v2\/posts\/100095\/revisions\/100097"}],"wp:featuredmedia":[{"embeddable":true,"href":"https:\/\/www.egemtv.com\/index.php?rest_route=\/wp\/v2\/media\/100096"}],"wp:attachment":[{"href":"https:\/\/www.egemtv.com\/index.php?rest_route=%2Fwp%2Fv2%2Fmedia&parent=100095"}],"wp:term":[{"taxonomy":"category","embeddable":true,"href":"https:\/\/www.egemtv.com\/index.php?rest_route=%2Fwp%2Fv2%2Fcategories&post=100095"},{"taxonomy":"post_tag","embeddable":true,"href":"https:\/\/www.egemtv.com\/index.php?rest_route=%2Fwp%2Fv2%2Ftags&post=100095"}],"curies":[{"name":"wp","href":"https:\/\/api.w.org\/{rel}","templated":true}]}}