{"id":100092,"date":"2026-05-03T13:40:45","date_gmt":"2026-05-03T10:40:45","guid":{"rendered":"https:\/\/www.egemtv.com\/?p=100092"},"modified":"2026-05-03T13:40:45","modified_gmt":"2026-05-03T10:40:45","slug":"izmirde-50-yil-hapis-cezasiyla-aranan-supheli-gardiropta-yakalandi","status":"publish","type":"post","link":"https:\/\/www.egemtv.com\/?p=100092","title":{"rendered":"\u0130zmir\u2019de 50 y\u0131l hapis cezas\u0131yla aranan \u015f\u00fcpheli gard\u0131ropta yakaland\u0131"},"content":{"rendered":"<p>\u0130zmir\u2019in Karaba\u011flar il\u00e7esinde, hakk\u0131nda 11 ayr\u0131 su\u00e7tan 50 y\u0131l kesinle\u015fmi\u015f hapis cezas\u0131 bulunan \u015f\u00fcpheli, polis ekiplerince d\u00fczenlenen operasyonda evinde sakland\u0131\u011f\u0131 gard\u0131robun i\u00e7inde yakaland\u0131.<br \/>\n<br \/>Karaba\u011flar \u0130l\u00e7e Emniyet M\u00fcd\u00fcrl\u00fc\u011f\u00fc Su\u00e7 \u00d6nleme ve Soru\u015fturma B\u00fcro Amirli\u011fi ekipleri, aranan ki\u015filerin yakalanmas\u0131na y\u00f6nelik y\u00fcr\u00fctt\u00fc\u011f\u00fc \u00e7al\u0131\u015fmalar kapsam\u0131nda, hakk\u0131nda 50 y\u0131l kesinle\u015fmi\u015f hapis cezas\u0131 bulunan M.G.\u2019nin (27) sakland\u0131\u011f\u0131 adresi tespit etti. D\u00fcn eve operasyon d\u00fczenleyen ekipler, \u015f\u00fcphelinin uyar\u0131lar\u0131 dikkate almay\u0131p kap\u0131y\u0131 a\u00e7mamas\u0131 \u00fczerine ikamete \u00e7ilingir yard\u0131m\u0131yla girdi. Evin i\u00e7inde detayl\u0131 arama yapan polis ekipleri, \u015f\u00fcpheliyi sakland\u0131\u011f\u0131 gard\u0131robun i\u00e7inde yakalayarak g\u00f6zalt\u0131na ald\u0131. Zanl\u0131n\u0131n yap\u0131lan UYAP sorgulamas\u0131nda, 5 ayr\u0131 nitelikli olarak konut dokunulmazl\u0131\u011f\u0131n\u0131 ihlal, 5 ayr\u0131 bina i\u00e7erisinde muhafaza alt\u0131na al\u0131nm\u0131\u015f e\u015fya hakk\u0131nda h\u0131rs\u0131zl\u0131k ve uyu\u015fturucu veya uyar\u0131c\u0131 madde bulundurmak su\u00e7lar\u0131 olmak \u00fczere 11 ayr\u0131 dosyadan arand\u0131\u011f\u0131 belirlendi. \u015e\u00fcphelinin ikametinde yap\u0131lan aramalarda ise 2 uyu\u015fturucu hap, 2 b\u0131\u00e7ak ve 1 teleskopik cop ele ge\u00e7irildi. G\u00f6zalt\u0131na al\u0131nan M.G., emniyetteki adli i\u015flemlerinin ard\u0131ndan tutuklanarak cezaevine teslim edildi.<br \/><\/p>\n","protected":false},"excerpt":{"rendered":"<p>\u0130zmir\u2019in Karaba\u011flar il\u00e7esinde, hakk\u0131nda 11 ayr\u0131 su\u00e7tan 50 y\u0131l kesinle\u015fmi\u015f hapis cezas\u0131 bulunan \u015f\u00fcpheli, polis ekiplerince d\u00fczenlenen operasyonda evinde sakland\u0131\u011f\u0131 gard\u0131robun i\u00e7inde yakaland\u0131. Karaba\u011flar \u0130l\u00e7e Emniyet M\u00fcd\u00fcrl\u00fc\u011f\u00fc Su\u00e7 \u00d6nleme ve Soru\u015fturma B\u00fcro Amirli\u011fi ekipleri, aranan ki\u015filerin yakalanmas\u0131na y\u00f6nelik y\u00fcr\u00fctt\u00fc\u011f\u00fc \u00e7al\u0131\u015fmalar kapsam\u0131nda, hakk\u0131nda 50 y\u0131l kesinle\u015fmi\u015f hapis cezas\u0131 bulunan M.G.\u2019nin (27) sakland\u0131\u011f\u0131 adresi tespit etti. D\u00fcn&#8230;<\/p>\n","protected":false},"author":1,"featured_media":100093,"comment_status":"open","ping_status":"open","sticky":false,"template":"","format":"standard","meta":{"_crdt_document":"","footnotes":""},"categories":[5],"tags":[],"class_list":["post-100092","post","type-post","status-publish","format-standard","has-post-thumbnail","hentry","category-asayis"],"_links":{"self":[{"href":"https:\/\/www.egemtv.com\/index.php?rest_route=\/wp\/v2\/posts\/100092","targetHints":{"allow":["GET"]}}],"collection":[{"href":"https:\/\/www.egemtv.com\/index.php?rest_route=\/wp\/v2\/posts"}],"about":[{"href":"https:\/\/www.egemtv.com\/index.php?rest_route=\/wp\/v2\/types\/post"}],"author":[{"embeddable":true,"href":"https:\/\/www.egemtv.com\/index.php?rest_route=\/wp\/v2\/users\/1"}],"replies":[{"embeddable":true,"href":"https:\/\/www.egemtv.com\/index.php?rest_route=%2Fwp%2Fv2%2Fcomments&post=100092"}],"version-history":[{"count":1,"href":"https:\/\/www.egemtv.com\/index.php?rest_route=\/wp\/v2\/posts\/100092\/revisions"}],"predecessor-version":[{"id":100094,"href":"https:\/\/www.egemtv.com\/index.php?rest_route=\/wp\/v2\/posts\/100092\/revisions\/100094"}],"wp:featuredmedia":[{"embeddable":true,"href":"https:\/\/www.egemtv.com\/index.php?rest_route=\/wp\/v2\/media\/100093"}],"wp:attachment":[{"href":"https:\/\/www.egemtv.com\/index.php?rest_route=%2Fwp%2Fv2%2Fmedia&parent=100092"}],"wp:term":[{"taxonomy":"category","embeddable":true,"href":"https:\/\/www.egemtv.com\/index.php?rest_route=%2Fwp%2Fv2%2Fcategories&post=100092"},{"taxonomy":"post_tag","embeddable":true,"href":"https:\/\/www.egemtv.com\/index.php?rest_route=%2Fwp%2Fv2%2Ftags&post=100092"}],"curies":[{"name":"wp","href":"https:\/\/api.w.org\/{rel}","templated":true}]}}