{"id":100089,"date":"2026-05-03T13:40:43","date_gmt":"2026-05-03T10:40:43","guid":{"rendered":"https:\/\/www.egemtv.com\/?p=100089"},"modified":"2026-05-03T13:40:44","modified_gmt":"2026-05-03T10:40:44","slug":"engelli-genci-bulmak-icin-ekipler-seferber-oldu","status":"publish","type":"post","link":"https:\/\/www.egemtv.com\/?p=100089","title":{"rendered":"Engelli genci bulmak i\u00e7in ekipler seferber oldu"},"content":{"rendered":"<p>Ayd\u0131n\u2019\u0131n Kuyucak il\u00e7esinde 3 g\u00fcn \u00f6nce kaybolan 31 ya\u015f\u0131ndaki zihinsel engelli Ahmet A\u00e7\u0131kkol\u2019u bulmak i\u00e7in ekipler seferber oldu.<\/p>\n<p>Edinilen bilgiye g\u00f6re, Gencellidere Mahallesi\u2019ndeki evinden ayr\u0131lan 31 ya\u015f\u0131ndaki engeli Ahmet A\u00e7\u0131kkol eve d\u00f6nmeyince ailesi kay\u0131p ba\u015fvurusunda bulundu. Yap\u0131lan ihbar\u0131n ard\u0131ndan harekete ge\u00e7en ekipler A\u00e7\u0131kkol\u2019u bulmak i\u00e7in arama \u00e7al\u0131\u015fmas\u0131 ba\u015flatt\u0131. Jandarma, AFAD, JAK, AKUT, Yesevi, NAKSAR, UMUT Derne\u011fi, ASAK ve UMKE ekiplerinden olu\u015fan yakla\u015f\u0131k 75 ki\u015filik ekip A\u00e7\u0131kkol\u2019u her yerde ar\u0131yor. Ayr\u0131ca \u0130HAKUT drone ekibi de arama \u00e7al\u0131\u015fmalar\u0131na havadan destek veriyor. Arama faaliyetleri \u00fc\u00e7\u00fcnc\u00fc g\u00fcnde de devam ediyor.<br \/><\/p>\n","protected":false},"excerpt":{"rendered":"<p>Ayd\u0131n\u2019\u0131n Kuyucak il\u00e7esinde 3 g\u00fcn \u00f6nce kaybolan 31 ya\u015f\u0131ndaki zihinsel engelli Ahmet A\u00e7\u0131kkol\u2019u bulmak i\u00e7in ekipler seferber oldu. Edinilen bilgiye g\u00f6re, Gencellidere Mahallesi\u2019ndeki evinden ayr\u0131lan 31 ya\u015f\u0131ndaki engeli Ahmet A\u00e7\u0131kkol eve d\u00f6nmeyince ailesi kay\u0131p ba\u015fvurusunda bulundu. Yap\u0131lan ihbar\u0131n ard\u0131ndan harekete ge\u00e7en ekipler A\u00e7\u0131kkol\u2019u bulmak i\u00e7in arama \u00e7al\u0131\u015fmas\u0131 ba\u015flatt\u0131. Jandarma, AFAD, JAK, AKUT, Yesevi, NAKSAR, UMUT&#8230;<\/p>\n","protected":false},"author":1,"featured_media":100090,"comment_status":"open","ping_status":"open","sticky":false,"template":"","format":"standard","meta":{"_crdt_document":"","footnotes":""},"categories":[5],"tags":[],"class_list":["post-100089","post","type-post","status-publish","format-standard","has-post-thumbnail","hentry","category-asayis"],"_links":{"self":[{"href":"https:\/\/www.egemtv.com\/index.php?rest_route=\/wp\/v2\/posts\/100089","targetHints":{"allow":["GET"]}}],"collection":[{"href":"https:\/\/www.egemtv.com\/index.php?rest_route=\/wp\/v2\/posts"}],"about":[{"href":"https:\/\/www.egemtv.com\/index.php?rest_route=\/wp\/v2\/types\/post"}],"author":[{"embeddable":true,"href":"https:\/\/www.egemtv.com\/index.php?rest_route=\/wp\/v2\/users\/1"}],"replies":[{"embeddable":true,"href":"https:\/\/www.egemtv.com\/index.php?rest_route=%2Fwp%2Fv2%2Fcomments&post=100089"}],"version-history":[{"count":1,"href":"https:\/\/www.egemtv.com\/index.php?rest_route=\/wp\/v2\/posts\/100089\/revisions"}],"predecessor-version":[{"id":100091,"href":"https:\/\/www.egemtv.com\/index.php?rest_route=\/wp\/v2\/posts\/100089\/revisions\/100091"}],"wp:featuredmedia":[{"embeddable":true,"href":"https:\/\/www.egemtv.com\/index.php?rest_route=\/wp\/v2\/media\/100090"}],"wp:attachment":[{"href":"https:\/\/www.egemtv.com\/index.php?rest_route=%2Fwp%2Fv2%2Fmedia&parent=100089"}],"wp:term":[{"taxonomy":"category","embeddable":true,"href":"https:\/\/www.egemtv.com\/index.php?rest_route=%2Fwp%2Fv2%2Fcategories&post=100089"},{"taxonomy":"post_tag","embeddable":true,"href":"https:\/\/www.egemtv.com\/index.php?rest_route=%2Fwp%2Fv2%2Ftags&post=100089"}],"curies":[{"name":"wp","href":"https:\/\/api.w.org\/{rel}","templated":true}]}}