{"id":100086,"date":"2026-05-03T13:40:41","date_gmt":"2026-05-03T10:40:41","guid":{"rendered":"https:\/\/www.egemtv.com\/?p=100086"},"modified":"2026-05-03T13:40:43","modified_gmt":"2026-05-03T10:40:43","slug":"gamze-ile-berkayin-dugunu-aydin-daglarindaki-yuzlerce-cipi-nazillide-topladi","status":"publish","type":"post","link":"https:\/\/www.egemtv.com\/?p=100086","title":{"rendered":"Gamze ile Berkay\u2019\u0131n d\u00fc\u011f\u00fcn\u00fc Ayd\u0131n da\u011flar\u0131ndaki y\u00fczlerce cipi Nazilli\u2019de toplad\u0131"},"content":{"rendered":"<p>Ayd\u0131n\u2019\u0131n Nazilli il\u00e7esine ger\u00e7ekle\u015ftirilen bir d\u00fc\u011f\u00fcn cip\u00e7ileri bulu\u015fturdu. Ayd\u0131n da\u011flar\u0131nda daha \u00e7ok \u00e7ift\u00e7ilerin kulland\u0131\u011f\u0131 ye\u015fil ciplerin Nazilli\u2019ye ak\u0131n etmesi pek \u00e7ok ki\u015fiyi \u015fa\u015f\u0131rt\u0131rken, ciplerin il\u00e7ede toplanmas\u0131n\u0131n sebebinin cip tamircisi Ali K\u0131l\u0131n\u00e7\u2019\u0131n k\u0131z\u0131 Gamze\u2019nin d\u00fc\u011f\u00fcn\u00fc dolay\u0131s\u0131yla oldu\u011fu ortaya \u00e7\u0131kt\u0131.<br \/>\n<br \/>Nazilli \u0130sabeyli\u2019de ger\u00e7ekle\u015ftirilen Y\u00f6resel \u00dcr\u00fcnler K\u00fclt\u00fcr ve Sanat Festivali\u2019ne K\u00fclt\u00fcr Turizm Bakan\u0131 Mehmet Nuri Ersoy ve D\u00fcnya Etnospor Birli\u011fi Ba\u015fkan\u0131 Necmeddin Bilal Erdo\u011fan\u2019\u0131n yan\u0131 s\u0131ra protokol \u00fcyelerinin yo\u011fun kat\u0131l\u0131m sa\u011flamas\u0131 nedeniyle polis ve jandarma ekipleri b\u00f6lgede ve yol g\u00fczergah\u0131nda yo\u011fun g\u00fcvenlik tedbiri ald\u0131.<br \/>\n<br \/>Hesapta olmayan ye\u015fil k\u00f6y ciplerinin s\u0131rr\u0131 sonra ortaya \u00e7\u0131kt\u0131<br \/>\n<br \/>Bu s\u0131rada Nazilli\u2019ye hem da\u011flardan hem de Denizli ve Ayd\u0131n istikametinden \u00e7ok say\u0131da ye\u015fil cipin ak\u0131n etmesi dikkat \u00e7ekti. Vatanda\u015flar\u0131n yan\u0131 s\u0131ra g\u00fcvenlik g\u00fc\u00e7lerinin de dikkatini \u00e7eken ye\u015fil k\u00f6y ciplerinin herhangi bir eyleme de\u011fil, Nazilli\u2019de yakla\u015f\u0131k yar\u0131m asra yak\u0131n s\u00fcredir cip tamircili\u011fi yapan Ali K\u0131l\u0131n\u00e7\u2019\u0131n k\u0131z\u0131 Gamze ile Berkay\u2019\u0131n d\u00fc\u011f\u00fcn\u00fc nedeniyle topland\u0131klar\u0131 \u00f6\u011frenildi. \u0130l\u00e7ede g\u00fcn boyu devam eden ye\u015fil cip yo\u011funlu\u011fu gen\u00e7lerin d\u00fc\u011f\u00fcnlerini renklendirirken d\u00fc\u011f\u00fcn sahibi cip tamircisi Ali K\u0131l\u0131n\u00e7 e\u015fi Hediye K\u0131l\u0131n\u00e7 ile davetlileri a\u011f\u0131rlad\u0131. Cip kullan\u0131c\u0131lar\u0131n\u0131n yan\u0131nda cip tamircilerinin de bir araya geldi\u011fi d\u00fc\u011f\u00fcn adeta cip\u00e7ilerin bulu\u015fmas\u0131 gibi oldu.<br \/>\n<br \/>Gelinle damat hayatlar\u0131n\u0131n en mutlu g\u00fcnlerini d\u00fc\u011f\u00fcnlerini renklendiren cipler \u00f6n\u00fcnde hat\u0131ra foto\u011fraf\u0131 \u00e7ektirerek \u00f6l\u00fcms\u00fczle\u015ftirdi.<br \/><\/p>\n","protected":false},"excerpt":{"rendered":"<p>Ayd\u0131n\u2019\u0131n Nazilli il\u00e7esine ger\u00e7ekle\u015ftirilen bir d\u00fc\u011f\u00fcn cip\u00e7ileri bulu\u015fturdu. Ayd\u0131n da\u011flar\u0131nda daha \u00e7ok \u00e7ift\u00e7ilerin kulland\u0131\u011f\u0131 ye\u015fil ciplerin Nazilli\u2019ye ak\u0131n etmesi pek \u00e7ok ki\u015fiyi \u015fa\u015f\u0131rt\u0131rken, ciplerin il\u00e7ede toplanmas\u0131n\u0131n sebebinin cip tamircisi Ali K\u0131l\u0131n\u00e7\u2019\u0131n k\u0131z\u0131 Gamze\u2019nin d\u00fc\u011f\u00fcn\u00fc dolay\u0131s\u0131yla oldu\u011fu ortaya \u00e7\u0131kt\u0131. Nazilli \u0130sabeyli\u2019de ger\u00e7ekle\u015ftirilen Y\u00f6resel \u00dcr\u00fcnler K\u00fclt\u00fcr ve Sanat Festivali\u2019ne K\u00fclt\u00fcr Turizm Bakan\u0131 Mehmet Nuri Ersoy ve D\u00fcnya&#8230;<\/p>\n","protected":false},"author":1,"featured_media":100087,"comment_status":"open","ping_status":"open","sticky":false,"template":"","format":"standard","meta":{"_crdt_document":"","footnotes":""},"categories":[123],"tags":[],"class_list":["post-100086","post","type-post","status-publish","format-standard","has-post-thumbnail","hentry","category-gundem"],"_links":{"self":[{"href":"https:\/\/www.egemtv.com\/index.php?rest_route=\/wp\/v2\/posts\/100086","targetHints":{"allow":["GET"]}}],"collection":[{"href":"https:\/\/www.egemtv.com\/index.php?rest_route=\/wp\/v2\/posts"}],"about":[{"href":"https:\/\/www.egemtv.com\/index.php?rest_route=\/wp\/v2\/types\/post"}],"author":[{"embeddable":true,"href":"https:\/\/www.egemtv.com\/index.php?rest_route=\/wp\/v2\/users\/1"}],"replies":[{"embeddable":true,"href":"https:\/\/www.egemtv.com\/index.php?rest_route=%2Fwp%2Fv2%2Fcomments&post=100086"}],"version-history":[{"count":1,"href":"https:\/\/www.egemtv.com\/index.php?rest_route=\/wp\/v2\/posts\/100086\/revisions"}],"predecessor-version":[{"id":100088,"href":"https:\/\/www.egemtv.com\/index.php?rest_route=\/wp\/v2\/posts\/100086\/revisions\/100088"}],"wp:featuredmedia":[{"embeddable":true,"href":"https:\/\/www.egemtv.com\/index.php?rest_route=\/wp\/v2\/media\/100087"}],"wp:attachment":[{"href":"https:\/\/www.egemtv.com\/index.php?rest_route=%2Fwp%2Fv2%2Fmedia&parent=100086"}],"wp:term":[{"taxonomy":"category","embeddable":true,"href":"https:\/\/www.egemtv.com\/index.php?rest_route=%2Fwp%2Fv2%2Fcategories&post=100086"},{"taxonomy":"post_tag","embeddable":true,"href":"https:\/\/www.egemtv.com\/index.php?rest_route=%2Fwp%2Fv2%2Ftags&post=100086"}],"curies":[{"name":"wp","href":"https:\/\/api.w.org\/{rel}","templated":true}]}}