{"id":100080,"date":"2026-05-03T13:05:38","date_gmt":"2026-05-03T10:05:38","guid":{"rendered":"https:\/\/www.egemtv.com\/?p=100080"},"modified":"2026-05-03T13:05:39","modified_gmt":"2026-05-03T10:05:39","slug":"mayista-yagan-kar-hayretle-karsilandi","status":"publish","type":"post","link":"https:\/\/www.egemtv.com\/?p=100080","title":{"rendered":"May\u0131sta ya\u011fan kar hayretle kar\u015f\u0131land\u0131"},"content":{"rendered":"<p>Afyonkarahisar\u2019\u0131n Hocalar il\u00e7esinde may\u0131s ay\u0131nda ya\u011fan kar g\u00f6renleri hayrete d\u00fc\u015f\u00fcrd\u00fc.<br \/>\n<br \/>Hocalar il\u00e7esinde bahar havas\u0131 beklenirken k\u0131\u015f geri d\u00f6nd\u00fc. \u0130l\u00e7enin en y\u00fcksek noktalar\u0131ndan biri olan Bulkaz Da\u011f\u0131 Yaylas\u0131\u2019na may\u0131s ay\u0131nda kar ya\u011fd\u0131. Yaylada hayvanlar\u0131n\u0131 otlatan bir \u00e7oban\u0131n cep telefonu kameras\u0131yla kaydetti\u011fi g\u00f6r\u00fcnt\u00fcler, ya\u011fan kar\u0131n \u015fiddetini ve ortaya \u00e7\u0131kan mest eden manzaray\u0131 g\u00f6zler \u00f6n\u00fcne serdi. K\u0131sa s\u00fcrede yaylay\u0131 ve etraf\u0131 beyaza b\u00fcr\u00fcyen kar ya\u011f\u0131\u015f\u0131n\u0131 cep telefonu kameras\u0131yla kaydeden \u00e7oban, o anlar\u0131 hayretler i\u00e7inde payla\u015ft\u0131.<br \/>\n<br \/>Ya\u011f\u0131\u015fla birlikte b\u00f6lgede hava s\u0131cakl\u0131\u011f\u0131 da hissediler derecelerde azalarak s\u0131f\u0131r derecelere kadar d\u00fc\u015ft\u00fc.<br \/><\/p>\n","protected":false},"excerpt":{"rendered":"<p>Afyonkarahisar\u2019\u0131n Hocalar il\u00e7esinde may\u0131s ay\u0131nda ya\u011fan kar g\u00f6renleri hayrete d\u00fc\u015f\u00fcrd\u00fc. Hocalar il\u00e7esinde bahar havas\u0131 beklenirken k\u0131\u015f geri d\u00f6nd\u00fc. \u0130l\u00e7enin en y\u00fcksek noktalar\u0131ndan biri olan Bulkaz Da\u011f\u0131 Yaylas\u0131\u2019na may\u0131s ay\u0131nda kar ya\u011fd\u0131. Yaylada hayvanlar\u0131n\u0131 otlatan bir \u00e7oban\u0131n cep telefonu kameras\u0131yla kaydetti\u011fi g\u00f6r\u00fcnt\u00fcler, ya\u011fan kar\u0131n \u015fiddetini ve ortaya \u00e7\u0131kan mest eden manzaray\u0131 g\u00f6zler \u00f6n\u00fcne serdi. K\u0131sa s\u00fcrede&#8230;<\/p>\n","protected":false},"author":1,"featured_media":100081,"comment_status":"open","ping_status":"open","sticky":false,"template":"","format":"standard","meta":{"_crdt_document":"","footnotes":""},"categories":[1],"tags":[],"class_list":["post-100080","post","type-post","status-publish","format-standard","has-post-thumbnail","hentry","category-guncel"],"_links":{"self":[{"href":"https:\/\/www.egemtv.com\/index.php?rest_route=\/wp\/v2\/posts\/100080","targetHints":{"allow":["GET"]}}],"collection":[{"href":"https:\/\/www.egemtv.com\/index.php?rest_route=\/wp\/v2\/posts"}],"about":[{"href":"https:\/\/www.egemtv.com\/index.php?rest_route=\/wp\/v2\/types\/post"}],"author":[{"embeddable":true,"href":"https:\/\/www.egemtv.com\/index.php?rest_route=\/wp\/v2\/users\/1"}],"replies":[{"embeddable":true,"href":"https:\/\/www.egemtv.com\/index.php?rest_route=%2Fwp%2Fv2%2Fcomments&post=100080"}],"version-history":[{"count":1,"href":"https:\/\/www.egemtv.com\/index.php?rest_route=\/wp\/v2\/posts\/100080\/revisions"}],"predecessor-version":[{"id":100082,"href":"https:\/\/www.egemtv.com\/index.php?rest_route=\/wp\/v2\/posts\/100080\/revisions\/100082"}],"wp:featuredmedia":[{"embeddable":true,"href":"https:\/\/www.egemtv.com\/index.php?rest_route=\/wp\/v2\/media\/100081"}],"wp:attachment":[{"href":"https:\/\/www.egemtv.com\/index.php?rest_route=%2Fwp%2Fv2%2Fmedia&parent=100080"}],"wp:term":[{"taxonomy":"category","embeddable":true,"href":"https:\/\/www.egemtv.com\/index.php?rest_route=%2Fwp%2Fv2%2Fcategories&post=100080"},{"taxonomy":"post_tag","embeddable":true,"href":"https:\/\/www.egemtv.com\/index.php?rest_route=%2Fwp%2Fv2%2Ftags&post=100080"}],"curies":[{"name":"wp","href":"https:\/\/api.w.org\/{rel}","templated":true}]}}