{"id":100077,"date":"2026-05-03T13:05:36","date_gmt":"2026-05-03T10:05:36","guid":{"rendered":"https:\/\/www.egemtv.com\/?p=100077"},"modified":"2026-05-03T13:05:37","modified_gmt":"2026-05-03T10:05:37","slug":"izmirde-bir-baba-tartistigi-oglunu-bicaklayarak-oldurdu","status":"publish","type":"post","link":"https:\/\/www.egemtv.com\/?p=100077","title":{"rendered":"\u0130zmir\u2019de bir baba tart\u0131\u015ft\u0131\u011f\u0131 o\u011flunu b\u0131\u00e7aklayarak \u00f6ld\u00fcrd\u00fc"},"content":{"rendered":"<p>\u0130zmir\u2019in Bayrakl\u0131 il\u00e7esinde 73 ya\u015f\u0131ndaki bir baba, aralar\u0131nda \u00e7\u0131kan tart\u0131\u015fma sonucu 46 ya\u015f\u0131ndaki o\u011flunu g\u00f6\u011fs\u00fcnden ve baca\u011f\u0131ndan b\u0131\u00e7aklayarak \u00f6ld\u00fcrd\u00fc.<br \/>\n<br \/>Olay, d\u00fcn ak\u015fam saat 21.30 s\u0131ralar\u0131nda Manavkuyu Mahallesi\u2019nde bulunan bir apartman dairesinde meydana geldi. Edinilen bilgiye g\u00f6re, \u0130smail A. (73) ile o\u011flu Kemal A. (46) aras\u0131nda hen\u00fcz belirlenemeyen bir nedenle tart\u0131\u015fma \u00e7\u0131kt\u0131. Tart\u0131\u015fman\u0131n k\u0131sa s\u00fcrede kavgaya d\u00f6n\u00fc\u015fmesi \u00fczerine \u0130smail A., yan\u0131ndaki b\u0131\u00e7akla o\u011flunu g\u00f6\u011fs\u00fcnden ve sol baca\u011f\u0131ndan yaralad\u0131. \u0130hbar \u00fczerine adrese polis ve sa\u011fl\u0131k ekipleri sevk edildi. Sa\u011fl\u0131k g\u00f6revlilerince yap\u0131lan kontrolde, Kemal A.\u2019n\u0131n olay yerinde hayat\u0131n\u0131 kaybetti\u011fi belirlendi. Polis ekiplerince su\u00e7 aleti b\u0131\u00e7akla birlikte yakalanan \u015f\u00fcpheli baba olay yerinde g\u00f6zalt\u0131na al\u0131nd\u0131. \u015e\u00fcphelinin emniyetteki ilk ifadesinde, o\u011flunun uyu\u015fturucu ba\u011f\u0131ml\u0131s\u0131 oldu\u011funu, olay s\u0131ras\u0131nda kendisine sald\u0131rarak bo\u011faz\u0131n\u0131 s\u0131kt\u0131\u011f\u0131n\u0131 ve bu duruma dayanamad\u0131\u011f\u0131 i\u00e7in cinayeti i\u015fledi\u011fini s\u00f6yledi\u011fi \u00f6\u011frenildi.<br \/>\n<br \/>\u00d6te yandan, hayat\u0131n\u0131 kaybeden Kemal A.\u2019n\u0131n farkl\u0131 su\u00e7lardan 22 kayd\u0131n\u0131n bulundu\u011fu tespit edildi. Olayla ilgili ba\u015flat\u0131lan soru\u015fturma s\u00fcr\u00fcyor.<br \/><\/p>\n","protected":false},"excerpt":{"rendered":"<p>\u0130zmir\u2019in Bayrakl\u0131 il\u00e7esinde 73 ya\u015f\u0131ndaki bir baba, aralar\u0131nda \u00e7\u0131kan tart\u0131\u015fma sonucu 46 ya\u015f\u0131ndaki o\u011flunu g\u00f6\u011fs\u00fcnden ve baca\u011f\u0131ndan b\u0131\u00e7aklayarak \u00f6ld\u00fcrd\u00fc. Olay, d\u00fcn ak\u015fam saat 21.30 s\u0131ralar\u0131nda Manavkuyu Mahallesi\u2019nde bulunan bir apartman dairesinde meydana geldi. Edinilen bilgiye g\u00f6re, \u0130smail A. (73) ile o\u011flu Kemal A. (46) aras\u0131nda hen\u00fcz belirlenemeyen bir nedenle tart\u0131\u015fma \u00e7\u0131kt\u0131. Tart\u0131\u015fman\u0131n k\u0131sa s\u00fcrede kavgaya&#8230;<\/p>\n","protected":false},"author":1,"featured_media":100078,"comment_status":"open","ping_status":"open","sticky":false,"template":"","format":"standard","meta":{"_crdt_document":"","footnotes":""},"categories":[5],"tags":[],"class_list":["post-100077","post","type-post","status-publish","format-standard","has-post-thumbnail","hentry","category-asayis"],"_links":{"self":[{"href":"https:\/\/www.egemtv.com\/index.php?rest_route=\/wp\/v2\/posts\/100077","targetHints":{"allow":["GET"]}}],"collection":[{"href":"https:\/\/www.egemtv.com\/index.php?rest_route=\/wp\/v2\/posts"}],"about":[{"href":"https:\/\/www.egemtv.com\/index.php?rest_route=\/wp\/v2\/types\/post"}],"author":[{"embeddable":true,"href":"https:\/\/www.egemtv.com\/index.php?rest_route=\/wp\/v2\/users\/1"}],"replies":[{"embeddable":true,"href":"https:\/\/www.egemtv.com\/index.php?rest_route=%2Fwp%2Fv2%2Fcomments&post=100077"}],"version-history":[{"count":1,"href":"https:\/\/www.egemtv.com\/index.php?rest_route=\/wp\/v2\/posts\/100077\/revisions"}],"predecessor-version":[{"id":100079,"href":"https:\/\/www.egemtv.com\/index.php?rest_route=\/wp\/v2\/posts\/100077\/revisions\/100079"}],"wp:featuredmedia":[{"embeddable":true,"href":"https:\/\/www.egemtv.com\/index.php?rest_route=\/wp\/v2\/media\/100078"}],"wp:attachment":[{"href":"https:\/\/www.egemtv.com\/index.php?rest_route=%2Fwp%2Fv2%2Fmedia&parent=100077"}],"wp:term":[{"taxonomy":"category","embeddable":true,"href":"https:\/\/www.egemtv.com\/index.php?rest_route=%2Fwp%2Fv2%2Fcategories&post=100077"},{"taxonomy":"post_tag","embeddable":true,"href":"https:\/\/www.egemtv.com\/index.php?rest_route=%2Fwp%2Fv2%2Ftags&post=100077"}],"curies":[{"name":"wp","href":"https:\/\/api.w.org\/{rel}","templated":true}]}}