{"id":100074,"date":"2026-05-03T12:30:29","date_gmt":"2026-05-03T09:30:29","guid":{"rendered":"https:\/\/www.egemtv.com\/?p=100074"},"modified":"2026-05-03T12:30:31","modified_gmt":"2026-05-03T09:30:31","slug":"baskan-simsek-sehzadeleri-birlikte-yonetip-birlikte-buyutecegiz","status":"publish","type":"post","link":"https:\/\/www.egemtv.com\/?p=100074","title":{"rendered":"Ba\u015fkan \u015eim\u015fek: &#8220;\u015eehzadeler\u2019i birlikte y\u00f6netip birlikte b\u00fcy\u00fctece\u011fiz&#8221;"},"content":{"rendered":"<p>\u015eehzadeler Belediye Ba\u015fkan\u0131 Hakan \u015eim\u015fek, Ka\u011fan ve Sar\u0131alan mahallelerine yapt\u0131\u011f\u0131 ziyarette, halk\u0131n talep ve \u00f6nerilerini yerinde dinleyerek \u00e7\u00f6z\u00fcm \u00fcretmeyi s\u00fcrd\u00fcreceklerini belirterek, &#8220;\u015eehzadeler\u2019i birlikte y\u00f6netecek, birlikte b\u00fcy\u00fctece\u011fiz&#8221; dedi.<br \/>\n<br \/>\u015eehzadeler Belediye Ba\u015fkan\u0131 Hakan \u015eim\u015fek, mahalle ziyaretlerine Ka\u011fan ve Sar\u0131alan mahalleleriyle devam etti. Vatanda\u015flarla bir araya gelen Ba\u015fkan \u015eim\u015fek, sorunlar\u0131, \u00f6nerileri ve talepleri yerinde dinledi. Mahalle sakinlerinin iletti\u011fi her konuyu dikkatle not alan Ba\u015fkan \u015eim\u015fek, ihtiya\u00e7lar\u0131n ilgili birimler taraf\u0131ndan h\u0131zla de\u011ferlendirilerek \u00e7\u00f6z\u00fcme kavu\u015fturulaca\u011f\u0131n\u0131 ifade etti. Halkla i\u00e7 i\u00e7e, sahada ve do\u011frudan ileti\u015fime dayal\u0131 bir y\u00f6netim anlay\u0131\u015f\u0131n\u0131 benimsediklerini vurgulayan Ba\u015fkan \u015eim\u015fek, &#8220;G\u00f6reve geldi\u011fimiz g\u00fcnden bu yana sosyal belediyecili\u011fi ve halk\u00e7\u0131 y\u00f6netim anlay\u0131\u015f\u0131n\u0131 en g\u00fc\u00e7l\u00fc \u015fekilde hayata ge\u00e7irmek i\u00e7in sahaday\u0131z. Hem\u015fehrilerimizin talep ve beklentilerini do\u011frudan dinledik. Bizim i\u00e7in en de\u011ferli rehber, vatanda\u015f\u0131m\u0131z\u0131n sesidir. Mahalle mahalle, sokak sokak bu ziyaretlerimize devam edece\u011fiz; hem\u015fehrilerimizi dinlemeyi, onlar\u0131n sorunlar\u0131na yerinde \u00e7\u00f6z\u00fcm \u00fcretmeyi s\u00fcrd\u00fcrece\u011fiz. \u015eehzadeler\u2019i birlikte y\u00f6netecek, birlikte b\u00fcy\u00fctece\u011fiz&#8221; dedi.<br \/>\n<br \/>Ka\u011fan ve Sar\u0131alan mahallelerinde ya\u015fayan vatanda\u015flar ise Ba\u015fkan \u015eim\u015fek\u2019in ziyaretlerinden duyduklar\u0131 memnuniyeti dile getirerek, sorunlar\u0131n\u0131 birebir anlatabilmenin kendileri i\u00e7in \u00e7ok k\u0131ymetli oldu\u011funu ifade etti.<br \/><\/p>\n","protected":false},"excerpt":{"rendered":"<p>\u015eehzadeler Belediye Ba\u015fkan\u0131 Hakan \u015eim\u015fek, Ka\u011fan ve Sar\u0131alan mahallelerine yapt\u0131\u011f\u0131 ziyarette, halk\u0131n talep ve \u00f6nerilerini yerinde dinleyerek \u00e7\u00f6z\u00fcm \u00fcretmeyi s\u00fcrd\u00fcreceklerini belirterek, &#8220;\u015eehzadeler\u2019i birlikte y\u00f6netecek, birlikte b\u00fcy\u00fctece\u011fiz&#8221; dedi. \u015eehzadeler Belediye Ba\u015fkan\u0131 Hakan \u015eim\u015fek, mahalle ziyaretlerine Ka\u011fan ve Sar\u0131alan mahalleleriyle devam etti. Vatanda\u015flarla bir araya gelen Ba\u015fkan \u015eim\u015fek, sorunlar\u0131, \u00f6nerileri ve talepleri yerinde dinledi. Mahalle sakinlerinin iletti\u011fi&#8230;<\/p>\n","protected":false},"author":1,"featured_media":100075,"comment_status":"open","ping_status":"open","sticky":false,"template":"","format":"standard","meta":{"_crdt_document":"","footnotes":""},"categories":[123],"tags":[],"class_list":["post-100074","post","type-post","status-publish","format-standard","has-post-thumbnail","hentry","category-gundem"],"_links":{"self":[{"href":"https:\/\/www.egemtv.com\/index.php?rest_route=\/wp\/v2\/posts\/100074","targetHints":{"allow":["GET"]}}],"collection":[{"href":"https:\/\/www.egemtv.com\/index.php?rest_route=\/wp\/v2\/posts"}],"about":[{"href":"https:\/\/www.egemtv.com\/index.php?rest_route=\/wp\/v2\/types\/post"}],"author":[{"embeddable":true,"href":"https:\/\/www.egemtv.com\/index.php?rest_route=\/wp\/v2\/users\/1"}],"replies":[{"embeddable":true,"href":"https:\/\/www.egemtv.com\/index.php?rest_route=%2Fwp%2Fv2%2Fcomments&post=100074"}],"version-history":[{"count":1,"href":"https:\/\/www.egemtv.com\/index.php?rest_route=\/wp\/v2\/posts\/100074\/revisions"}],"predecessor-version":[{"id":100076,"href":"https:\/\/www.egemtv.com\/index.php?rest_route=\/wp\/v2\/posts\/100074\/revisions\/100076"}],"wp:featuredmedia":[{"embeddable":true,"href":"https:\/\/www.egemtv.com\/index.php?rest_route=\/wp\/v2\/media\/100075"}],"wp:attachment":[{"href":"https:\/\/www.egemtv.com\/index.php?rest_route=%2Fwp%2Fv2%2Fmedia&parent=100074"}],"wp:term":[{"taxonomy":"category","embeddable":true,"href":"https:\/\/www.egemtv.com\/index.php?rest_route=%2Fwp%2Fv2%2Fcategories&post=100074"},{"taxonomy":"post_tag","embeddable":true,"href":"https:\/\/www.egemtv.com\/index.php?rest_route=%2Fwp%2Fv2%2Ftags&post=100074"}],"curies":[{"name":"wp","href":"https:\/\/api.w.org\/{rel}","templated":true}]}}