{"id":100071,"date":"2026-05-03T11:55:38","date_gmt":"2026-05-03T08:55:38","guid":{"rendered":"https:\/\/www.egemtv.com\/?p=100071"},"modified":"2026-05-03T11:55:40","modified_gmt":"2026-05-03T08:55:40","slug":"kadin-emegi-ile-uretilen-cicekler-mugla-sokaklarini-susluyor","status":"publish","type":"post","link":"https:\/\/www.egemtv.com\/?p=100071","title":{"rendered":"Kad\u0131n eme\u011fi ile \u00fcretilen \u00e7i\u00e7ekler Mu\u011fla sokaklar\u0131n\u0131 s\u00fcsl\u00fcyor"},"content":{"rendered":"<p>K\u00f6yce\u011fiz\u2019in Beyobas\u0131 Mahallesi\u2019nde Mu\u011fla B\u00fcy\u00fck\u015fehir Belediyesi\u2019nin destekleri ile ba\u015flat\u0131lan, \u00f6zellikle kad\u0131nlar\u0131n \u00fcretime kat\u0131lmas\u0131n\u0131 sa\u011flayan al\u0131m garantili \u00e7i\u00e7ek \u00fcretimi kent esteti\u011fini g\u00fczelle\u015ftirmeye, b\u00f6lge ekonomisine katk\u0131 sa\u011flamaya devam ediyor.<br \/>\n<br \/>Mu\u011fla B\u00fcy\u00fck\u015fehir Belediyesi\u2019nin, Beyobas\u0131 Tar\u0131msal Kalk\u0131nma Kooperatifi ve \u00fc\u00e7 \u00fcreticiyle ba\u015flatt\u0131\u011f\u0131 al\u0131m garantili \u00e7i\u00e7ek \u00fcretimi projesi, bug\u00fcn 30 \u00fcretici ve \u00e7ok say\u0131da seraya ula\u015farak b\u00fcy\u00fcmeye devam ediyor. Yaz ve k\u0131\u015f sezonu olmak \u00fczere iki d\u00f6nemde dikimi yap\u0131lan \u00e7i\u00e7ek \u00fcretimi ile bug\u00fcne kadar 28 milyon \u00e7i\u00e7ek \u00fcretildi. 2026 yaz sezonu i\u00e7inde 1 Milyona yak\u0131n \u00e7i\u00e7e\u011fin dikimine ba\u015fland\u0131. Bug\u00fcne kadar piyasa de\u011feri yakla\u015f\u0131k 80 milyon TL olan \u00e7i\u00e7ek \u00fcretimi yap\u0131larak hem \u00fcretici hem de Mu\u011fla kazand\u0131.<br \/>\n<br \/>Mu\u011fla\u2019n\u0131n sokaklar\u0131n\u0131 mu\u011fla\u2019n\u0131n \u00e7i\u00e7ekleri s\u00fcsl\u00fcyor<br \/>\n<br \/>Mu\u011fla\u2019n\u0131n K\u00f6yce\u011fiz il\u00e7esine ba\u011fl\u0131 Beyobas\u0131 Mahallesi\u2019nde kad\u0131n eme\u011fiyle \u00fcretilen al\u0131m garantili s\u00fcs bitkileri, kentin cadde, sokak ve ref\u00fcjlerini s\u00fcsleyerek \u015fehir esteti\u011fine katk\u0131 sa\u011fl\u0131yor. Bug\u00fcne kadar 14 milyon adet \u00e7i\u00e7ek sat\u0131n alarak \u00fcreticilere \u00f6nemli \u00f6l\u00e7\u00fcde ekonomik destek sa\u011flad\u0131. Yerli \u00fcreticiye can suyu olan bu \u00e7i\u00e7ekler, yaln\u0131zca Mu\u011fla\u2019da de\u011fil; Antalya, Denizli, Isparta, Burdur ve Afyon gibi illerle birlikte il\u00e7e belediyeleri taraf\u0131ndan da tercih edilmeye devam ediyor.<br \/>\n<br \/>Ba\u015fkan Aras: &#8220;\u00dcreten kad\u0131nlar\u0131n eme\u011fiyle Mu\u011fla\u2019n\u0131n sokaklar\u0131n\u0131 g\u00fczelle\u015ftiriyoruz&#8221;<br \/>\n<br \/>K\u0131y\u0131 Ege Belediyeler Birli\u011fi ve Mu\u011fla B\u00fcy\u00fck\u015fehir Belediye Ba\u015fkan\u0131 Ahmet Aras, projeye ili\u015fkin yapt\u0131\u011f\u0131 de\u011ferlendirmede, &#8220;Yerel \u00fcretimi destekleyen, \u00f6zellikle kad\u0131nlar\u0131n ekonomik hayata kat\u0131l\u0131m\u0131n\u0131 g\u00fc\u00e7lendiren projeler bizim i\u00e7in b\u00fcy\u00fck \u00f6nem ta\u015f\u0131yor. Beyobas\u0131nda ba\u015flatt\u0131\u011f\u0131m\u0131z al\u0131m garantili \u00e7i\u00e7ek \u00fcretimi modeliyle hem \u00fcreticimize g\u00fcvence sa\u011flad\u0131k hem de kentimizin estetik g\u00f6r\u00fcn\u00fcm\u00fcne kendi de\u011ferlerimizle katk\u0131 sunduk. Bug\u00fcn 30 \u00fcreticiye ula\u015fan bu ba\u015far\u0131 hik\u00e2yesi, do\u011fru planlama ve dayan\u0131\u015fman\u0131n bir sonucudur. \u00dcreten kad\u0131nlar\u0131n eme\u011fiyle Mu\u011fla\u2019n\u0131n sokaklar\u0131n\u0131 g\u00fczelle\u015ftirmeye, k\u0131rsal kalk\u0131nmay\u0131 desteklemeye ve yerel ekonomiyi b\u00fcy\u00fctmeye devam edece\u011fiz&#8221; dedi.<br \/><\/p>\n","protected":false},"excerpt":{"rendered":"<p>K\u00f6yce\u011fiz\u2019in Beyobas\u0131 Mahallesi\u2019nde Mu\u011fla B\u00fcy\u00fck\u015fehir Belediyesi\u2019nin destekleri ile ba\u015flat\u0131lan, \u00f6zellikle kad\u0131nlar\u0131n \u00fcretime kat\u0131lmas\u0131n\u0131 sa\u011flayan al\u0131m garantili \u00e7i\u00e7ek \u00fcretimi kent esteti\u011fini g\u00fczelle\u015ftirmeye, b\u00f6lge ekonomisine katk\u0131 sa\u011flamaya devam ediyor. Mu\u011fla B\u00fcy\u00fck\u015fehir Belediyesi\u2019nin, Beyobas\u0131 Tar\u0131msal Kalk\u0131nma Kooperatifi ve \u00fc\u00e7 \u00fcreticiyle ba\u015flatt\u0131\u011f\u0131 al\u0131m garantili \u00e7i\u00e7ek \u00fcretimi projesi, bug\u00fcn 30 \u00fcretici ve \u00e7ok say\u0131da seraya ula\u015farak b\u00fcy\u00fcmeye devam ediyor. Yaz&#8230;<\/p>\n","protected":false},"author":1,"featured_media":100072,"comment_status":"open","ping_status":"open","sticky":false,"template":"","format":"standard","meta":{"_crdt_document":"","footnotes":""},"categories":[1],"tags":[],"class_list":["post-100071","post","type-post","status-publish","format-standard","has-post-thumbnail","hentry","category-guncel"],"_links":{"self":[{"href":"https:\/\/www.egemtv.com\/index.php?rest_route=\/wp\/v2\/posts\/100071","targetHints":{"allow":["GET"]}}],"collection":[{"href":"https:\/\/www.egemtv.com\/index.php?rest_route=\/wp\/v2\/posts"}],"about":[{"href":"https:\/\/www.egemtv.com\/index.php?rest_route=\/wp\/v2\/types\/post"}],"author":[{"embeddable":true,"href":"https:\/\/www.egemtv.com\/index.php?rest_route=\/wp\/v2\/users\/1"}],"replies":[{"embeddable":true,"href":"https:\/\/www.egemtv.com\/index.php?rest_route=%2Fwp%2Fv2%2Fcomments&post=100071"}],"version-history":[{"count":1,"href":"https:\/\/www.egemtv.com\/index.php?rest_route=\/wp\/v2\/posts\/100071\/revisions"}],"predecessor-version":[{"id":100073,"href":"https:\/\/www.egemtv.com\/index.php?rest_route=\/wp\/v2\/posts\/100071\/revisions\/100073"}],"wp:featuredmedia":[{"embeddable":true,"href":"https:\/\/www.egemtv.com\/index.php?rest_route=\/wp\/v2\/media\/100072"}],"wp:attachment":[{"href":"https:\/\/www.egemtv.com\/index.php?rest_route=%2Fwp%2Fv2%2Fmedia&parent=100071"}],"wp:term":[{"taxonomy":"category","embeddable":true,"href":"https:\/\/www.egemtv.com\/index.php?rest_route=%2Fwp%2Fv2%2Fcategories&post=100071"},{"taxonomy":"post_tag","embeddable":true,"href":"https:\/\/www.egemtv.com\/index.php?rest_route=%2Fwp%2Fv2%2Ftags&post=100071"}],"curies":[{"name":"wp","href":"https:\/\/api.w.org\/{rel}","templated":true}]}}