{"id":100068,"date":"2026-05-03T11:20:56","date_gmt":"2026-05-03T08:20:56","guid":{"rendered":"https:\/\/www.egemtv.com\/?p=100068"},"modified":"2026-05-03T11:20:57","modified_gmt":"2026-05-03T08:20:57","slug":"tavsanlida-trafik-kazasi-1-yarali-15","status":"publish","type":"post","link":"https:\/\/www.egemtv.com\/?p=100068","title":{"rendered":"Tav\u015fanl\u0131\u2019da trafik kazas\u0131: 1 yaral\u0131"},"content":{"rendered":"<p>K\u00fctahya\u2019n\u0131n Tav\u015fanl\u0131 il\u00e7esinde motosikletin otomobile arkadan \u00e7arpmas\u0131 sonucu meydana gelen trafik kazas\u0131nda gen\u00e7 s\u00fcr\u00fcc\u00fc a\u011f\u0131r yaraland\u0131.<br \/>\n<br \/>Kaza, Tav\u015fanl\u0131 il\u00e7esi Bademli Sokak\u2019ta meydana geldi. Edinilen bilgiye g\u00f6re, A.\u00d6. idaresindeki 43 AFE 382 plakal\u0131 motosiklet, ayn\u0131 istikamette seyir halinde olan A.T. y\u00f6netimindeki 43 EN 232 plakal\u0131 otomobile arkadan \u00e7arpt\u0131. \u00c7arpman\u0131n \u015fiddetiyle yola savrulan motosiklet s\u00fcr\u00fcc\u00fcs\u00fc A.\u00d6. a\u011f\u0131r yaraland\u0131.<br \/>\n<br \/>Kazay\u0131 g\u00f6ren vatanda\u015flar\u0131n ihbar\u0131 \u00fczerine olay yerine sa\u011fl\u0131k ve polis ekipleri sevk edildi. Bilincinin kapal\u0131 oldu\u011fu belirlenen yaral\u0131 s\u00fcr\u00fcc\u00fc, sa\u011fl\u0131k ekiplerinin olay yerindeki ilk m\u00fcdahalesinin ard\u0131ndan ambulansla hastaneye kald\u0131r\u0131larak tedavi alt\u0131na al\u0131nd\u0131.<br \/>\n<br \/>Kazaya kar\u0131\u015fan ara\u00e7lar \u00e7ekici yard\u0131m\u0131yla yoldan kald\u0131r\u0131l\u0131rken, polis ekipleri kazayla ilgili inceleme ba\u015flatt\u0131.<br \/><\/p>\n","protected":false},"excerpt":{"rendered":"<p>K\u00fctahya\u2019n\u0131n Tav\u015fanl\u0131 il\u00e7esinde motosikletin otomobile arkadan \u00e7arpmas\u0131 sonucu meydana gelen trafik kazas\u0131nda gen\u00e7 s\u00fcr\u00fcc\u00fc a\u011f\u0131r yaraland\u0131. Kaza, Tav\u015fanl\u0131 il\u00e7esi Bademli Sokak\u2019ta meydana geldi. Edinilen bilgiye g\u00f6re, A.\u00d6. idaresindeki 43 AFE 382 plakal\u0131 motosiklet, ayn\u0131 istikamette seyir halinde olan A.T. y\u00f6netimindeki 43 EN 232 plakal\u0131 otomobile arkadan \u00e7arpt\u0131. \u00c7arpman\u0131n \u015fiddetiyle yola savrulan motosiklet s\u00fcr\u00fcc\u00fcs\u00fc A.\u00d6. a\u011f\u0131r&#8230;<\/p>\n","protected":false},"author":1,"featured_media":100069,"comment_status":"open","ping_status":"open","sticky":false,"template":"","format":"standard","meta":{"_crdt_document":"","footnotes":""},"categories":[5],"tags":[],"class_list":["post-100068","post","type-post","status-publish","format-standard","has-post-thumbnail","hentry","category-asayis"],"_links":{"self":[{"href":"https:\/\/www.egemtv.com\/index.php?rest_route=\/wp\/v2\/posts\/100068","targetHints":{"allow":["GET"]}}],"collection":[{"href":"https:\/\/www.egemtv.com\/index.php?rest_route=\/wp\/v2\/posts"}],"about":[{"href":"https:\/\/www.egemtv.com\/index.php?rest_route=\/wp\/v2\/types\/post"}],"author":[{"embeddable":true,"href":"https:\/\/www.egemtv.com\/index.php?rest_route=\/wp\/v2\/users\/1"}],"replies":[{"embeddable":true,"href":"https:\/\/www.egemtv.com\/index.php?rest_route=%2Fwp%2Fv2%2Fcomments&post=100068"}],"version-history":[{"count":1,"href":"https:\/\/www.egemtv.com\/index.php?rest_route=\/wp\/v2\/posts\/100068\/revisions"}],"predecessor-version":[{"id":100070,"href":"https:\/\/www.egemtv.com\/index.php?rest_route=\/wp\/v2\/posts\/100068\/revisions\/100070"}],"wp:featuredmedia":[{"embeddable":true,"href":"https:\/\/www.egemtv.com\/index.php?rest_route=\/wp\/v2\/media\/100069"}],"wp:attachment":[{"href":"https:\/\/www.egemtv.com\/index.php?rest_route=%2Fwp%2Fv2%2Fmedia&parent=100068"}],"wp:term":[{"taxonomy":"category","embeddable":true,"href":"https:\/\/www.egemtv.com\/index.php?rest_route=%2Fwp%2Fv2%2Fcategories&post=100068"},{"taxonomy":"post_tag","embeddable":true,"href":"https:\/\/www.egemtv.com\/index.php?rest_route=%2Fwp%2Fv2%2Ftags&post=100068"}],"curies":[{"name":"wp","href":"https:\/\/api.w.org\/{rel}","templated":true}]}}