{"id":100065,"date":"2026-05-03T11:20:56","date_gmt":"2026-05-03T08:20:56","guid":{"rendered":"https:\/\/www.egemtv.com\/?p=100065"},"modified":"2026-05-03T11:20:56","modified_gmt":"2026-05-03T08:20:56","slug":"ilkbahar-ortasinda-kis-cicek-acan-agaclar-kar-altinda","status":"publish","type":"post","link":"https:\/\/www.egemtv.com\/?p=100065","title":{"rendered":"\u0130lkbahar ortas\u0131nda k\u0131\u015f, \u00e7i\u00e7ek a\u00e7an a\u011fa\u00e7lar kar alt\u0131nda"},"content":{"rendered":"<p>K\u00fctahya\u2019da bahar mevsiminin ortas\u0131nda etkili olan kar ya\u011f\u0131\u015f\u0131, kentte hem \u015fa\u015fk\u0131nl\u0131k olu\u015fturdu hem de tar\u0131msal \u00fcretim a\u00e7\u0131s\u0131ndan endi\u015feleri beraberinde getirdi. May\u0131s ay\u0131nda nadir g\u00f6r\u00fclen ya\u011f\u0131\u015f, \u00f6zellikle y\u00fcksek kesimlerde etkisini art\u0131r\u0131rken, do\u011fa adeta yeniden k\u0131\u015fa d\u00f6nd\u00fc.<br \/>\n<br \/>Kent genelinde hava s\u0131cakl\u0131klar\u0131n\u0131n aniden d\u00fc\u015fmesiyle birlikte ba\u015flayan kar ya\u011f\u0131\u015f\u0131, ba\u015fta Radar b\u00f6lgesi olmak \u00fczere y\u00fcksek rak\u0131ml\u0131 alanlarda yo\u011fun \u015fekilde g\u00f6r\u00fcld\u00fc. K\u0131sa s\u00fcrede etkisini art\u0131ran ya\u011f\u0131\u015fla birlikte b\u00f6lgedeki yollar beyaza b\u00fcr\u00fcn\u00fcrken, s\u00fcr\u00fcc\u00fcler i\u00e7in de zaman zaman ula\u015f\u0131mda zorluklar ya\u015fand\u0131. Karla kaplanan do\u011fa, g\u00f6rsel olarak kartpostall\u0131k manzaralar olu\u015ftururken, \u00f6zellikle \u00e7i\u00e7ek a\u00e7m\u0131\u015f a\u011fa\u00e7lar\u0131n kar alt\u0131nda kalmas\u0131 dikkat \u00e7ekti.<br \/>\n<br \/>Elma, erik ve badem a\u011fa\u00e7lar\u0131n\u0131n \u00e7i\u00e7eklenme d\u00f6neminde karla kaplanmas\u0131, \u00fcreticiler a\u00e7\u0131s\u0131ndan riskli bir tablo ortaya koydu. Ayn\u0131 \u015fekilde ekili tar\u0131m arazileri ve tarlalar da beyaz \u00f6rt\u00fc alt\u0131nda kal\u0131rken, zirai don ihtimali g\u00fcndeme geldi. Uzmanlara g\u00f6re, bu d\u00f6nemde ya\u015fanacak ani s\u0131cakl\u0131k d\u00fc\u015f\u00fc\u015fleri ve gece saatlerinde s\u0131f\u0131r\u0131n alt\u0131na inen de\u011ferler, \u00e7i\u00e7eklerin yanmas\u0131na ve dolay\u0131s\u0131yla \u00fcr\u00fcn kayb\u0131na neden olabiliyor.<br \/>\n<br \/>B\u00f6lgede \u00fcretim yapan \u00e7ift\u00e7iler ise geli\u015fmeleri tedirginlikle takip ediyor. K\u00fctahyal\u0131 \u00fcretici Mehmet Ak\u0131nc\u0131, ya\u015fanan kar ya\u011f\u0131\u015f\u0131n\u0131n al\u0131\u015f\u0131lm\u0131\u015f\u0131n d\u0131\u015f\u0131nda oldu\u011funu belirterek, umutlu ancak temkinli olduklar\u0131n\u0131 ifade etti. Mehmet Ak\u0131nc\u0131, &#8220;\u0130n\u015fallah meyvelerimize herhangi bir zarar gelmez. Rabbim hay\u0131rl\u0131s\u0131n\u0131 versin. \u015eu anda a\u011fa\u00e7lar\u0131m\u0131z \u00e7i\u00e7ek a\u015famas\u0131nda, asl\u0131nda tomurcuk d\u00f6neminde olmas\u0131 gerekiyordu. Bu durum bizi d\u00fc\u015f\u00fcnd\u00fcr\u00fcyor. E\u011fer hava s\u0131cakl\u0131klar\u0131 eksi 4-5 derecelere d\u00fc\u015fmezse b\u00fcy\u00fck bir zarar olmayaca\u011f\u0131n\u0131 umut ediyoruz. Ge\u00e7ti\u011fimiz y\u0131l su s\u0131k\u0131nt\u0131s\u0131 ya\u015fam\u0131\u015ft\u0131k, bu y\u0131l da benzer bir durumla kar\u015f\u0131la\u015fmay\u0131z in\u015fallah&#8221; dedi.<br \/><\/p>\n","protected":false},"excerpt":{"rendered":"<p>K\u00fctahya\u2019da bahar mevsiminin ortas\u0131nda etkili olan kar ya\u011f\u0131\u015f\u0131, kentte hem \u015fa\u015fk\u0131nl\u0131k olu\u015fturdu hem de tar\u0131msal \u00fcretim a\u00e7\u0131s\u0131ndan endi\u015feleri beraberinde getirdi. May\u0131s ay\u0131nda nadir g\u00f6r\u00fclen ya\u011f\u0131\u015f, \u00f6zellikle y\u00fcksek kesimlerde etkisini art\u0131r\u0131rken, do\u011fa adeta yeniden k\u0131\u015fa d\u00f6nd\u00fc. Kent genelinde hava s\u0131cakl\u0131klar\u0131n\u0131n aniden d\u00fc\u015fmesiyle birlikte ba\u015flayan kar ya\u011f\u0131\u015f\u0131, ba\u015fta Radar b\u00f6lgesi olmak \u00fczere y\u00fcksek rak\u0131ml\u0131 alanlarda yo\u011fun \u015fekilde&#8230;<\/p>\n","protected":false},"author":1,"featured_media":100066,"comment_status":"open","ping_status":"open","sticky":false,"template":"","format":"standard","meta":{"_crdt_document":"","footnotes":""},"categories":[1],"tags":[],"class_list":["post-100065","post","type-post","status-publish","format-standard","has-post-thumbnail","hentry","category-guncel"],"_links":{"self":[{"href":"https:\/\/www.egemtv.com\/index.php?rest_route=\/wp\/v2\/posts\/100065","targetHints":{"allow":["GET"]}}],"collection":[{"href":"https:\/\/www.egemtv.com\/index.php?rest_route=\/wp\/v2\/posts"}],"about":[{"href":"https:\/\/www.egemtv.com\/index.php?rest_route=\/wp\/v2\/types\/post"}],"author":[{"embeddable":true,"href":"https:\/\/www.egemtv.com\/index.php?rest_route=\/wp\/v2\/users\/1"}],"replies":[{"embeddable":true,"href":"https:\/\/www.egemtv.com\/index.php?rest_route=%2Fwp%2Fv2%2Fcomments&post=100065"}],"version-history":[{"count":1,"href":"https:\/\/www.egemtv.com\/index.php?rest_route=\/wp\/v2\/posts\/100065\/revisions"}],"predecessor-version":[{"id":100067,"href":"https:\/\/www.egemtv.com\/index.php?rest_route=\/wp\/v2\/posts\/100065\/revisions\/100067"}],"wp:featuredmedia":[{"embeddable":true,"href":"https:\/\/www.egemtv.com\/index.php?rest_route=\/wp\/v2\/media\/100066"}],"wp:attachment":[{"href":"https:\/\/www.egemtv.com\/index.php?rest_route=%2Fwp%2Fv2%2Fmedia&parent=100065"}],"wp:term":[{"taxonomy":"category","embeddable":true,"href":"https:\/\/www.egemtv.com\/index.php?rest_route=%2Fwp%2Fv2%2Fcategories&post=100065"},{"taxonomy":"post_tag","embeddable":true,"href":"https:\/\/www.egemtv.com\/index.php?rest_route=%2Fwp%2Fv2%2Ftags&post=100065"}],"curies":[{"name":"wp","href":"https:\/\/api.w.org\/{rel}","templated":true}]}}