{"id":100062,"date":"2026-05-03T11:20:55","date_gmt":"2026-05-03T08:20:55","guid":{"rendered":"https:\/\/www.egemtv.com\/?p=100062"},"modified":"2026-05-03T11:20:55","modified_gmt":"2026-05-03T08:20:55","slug":"sultan-burcu-sakli-4-kisisel-resim-sergisini-cesme-kalesinde-acti","status":"publish","type":"post","link":"https:\/\/www.egemtv.com\/?p=100062","title":{"rendered":"Sultan Burcu Sakl\u0131, 4. ki\u015fisel resim sergisini \u00c7e\u015fme Kalesi\u2019nde a\u00e7t\u0131"},"content":{"rendered":"<p>\u0130zmir\u2019in \u00c7e\u015fme il\u00e7esinde sanatseverleri bulu\u015fturan yeni bir sergi kap\u0131lar\u0131n\u0131 a\u00e7t\u0131. \u00c7e\u015fme Ulusoy Denizcilik Teknolojisi Mesleki ve Teknik Anadolu Lisesi M\u00fcd\u00fcr Yard\u0131mc\u0131s\u0131 ve Resim \u00d6\u011fretmeni Sultan Burcu Sakl\u0131\u2019n\u0131n d\u00f6rd\u00fcnc\u00fc ki\u015fisel resim sergisi, \u00c7e\u015fme Kalesi i\u00e7indeki Ceneviz Kulesi Sergi Salonu\u2019nda sanatseverlerin ziyaretine sunuldu. Sergi, 16 May\u0131s\u2019a kadar gezilebilecek.<br \/>\n<br \/>Serginin a\u00e7\u0131l\u0131\u015f kurdelesini \u00c7e\u015fme Kaymakam\u0131 Mehmet Mara\u015fl\u0131 ve e\u015fi Arzu G\u00fclery\u00fcz Mara\u015fl\u0131 ile \u0130l\u00e7e Milli E\u011fitim M\u00fcd\u00fcr\u00fc \u015eahan \u00c7\u00f6ker birlikte kestiler.<br \/>\n<br \/>Sultan Burcu Sakl\u0131, Mehmet Mara\u015fl\u0131 himayesinde ve Arzu G\u00fclery\u00fcz Mara\u015fl\u0131 koordinat\u00f6rl\u00fc\u011f\u00fcnde 2023\u2019ten bu yana d\u00fczenlenen &#8220;Hayat\u0131n Anlam\u0131 Kitap&#8221; etkinliklerinde yakla\u015f\u0131k 30 canl\u0131 resim performans\u0131na imza atm\u0131\u015f ve bu s\u00fcre\u00e7te \u00fcretti\u011fi eserleri de son iki y\u0131ld\u0131r a\u00e7t\u0131\u011f\u0131 sergilerle sanatseverlerle bulu\u015fturmu\u015ftu.<\/p>\n<p>&#8220;K\u00f6k, d\u00f6n\u00fc\u015f\u00fcm ve kad\u0131n temalar\u0131 \u00f6n planda&#8221;<br \/>\n<br \/>Eserlerinde k\u00f6k, d\u00f6n\u00fc\u015f\u00fcm, kad\u0131n ve di\u015fil enerji temalar\u0131n\u0131 i\u015fledi\u011fini belirten Sakl\u0131, \u00e7al\u0131\u015fmalar\u0131nda kadim kolektif haf\u0131zaya g\u00f6nderme yapt\u0131\u011f\u0131n\u0131 ifade etti. Sanat\u00e7\u0131, \u015eahmeran fig\u00fcr\u00fc ile a\u011fa\u00e7 ve k\u00f6k imgelerinin \u00f6ne \u00e7\u0131kt\u0131\u011f\u0131 eserlerinde, d\u00fc\u015f\u00fcncelerini do\u011frudan de\u011fil, tasar\u0131m\u0131n estetik diliyle aktarmay\u0131 tercih etti\u011fini dile getirdi. Sakl\u0131, tablolar\u0131n zaman i\u00e7inde izleyiciyle ba\u011f kurdu\u011funu ve her bir eserin farkl\u0131 anlarda farkl\u0131 anlamlar kazand\u0131\u011f\u0131n\u0131 vurgulad\u0131.<\/p>\n<p>At\u0131k malzemelerle \u00fc\u00e7 boyutlu dokunu\u015f<br \/>\n<br \/>Eserlerinde farkl\u0131 teknikler kulland\u0131\u011f\u0131n\u0131 da anlatan Sakl\u0131, \u00f6zellikle meslek lisesinde g\u00f6rev yapmaya ba\u015flad\u0131ktan sonra silikonla tan\u0131\u015ft\u0131\u011f\u0131n\u0131 ve bu sayede \u00e7al\u0131\u015fmalar\u0131na \u00fc\u00e7 boyutlu detaylar ekledi\u011fini s\u00f6yledi. Sanat\u00e7\u0131, do\u011fal yollarla elde edilen materyallerin yan\u0131 s\u0131ra at\u0131k malzemeleri de de\u011ferlendirerek eserlerine dahil etti\u011fini, bu yakla\u015f\u0131m\u0131n \u00e7al\u0131\u015fmalar\u0131na zenginlik katt\u0131\u011f\u0131n\u0131 ifade etti.<\/p>\n<p>&#8220;Sanatla d\u00f6n\u00fc\u015f\u00fcm&#8221; anlay\u0131\u015f\u0131<br \/>\n<br \/>B\u00fcy\u00fck boyutlu \u00e7al\u0131\u015fmalar yapmay\u0131 sevdi\u011fini belirten Sakl\u0131, son d\u00f6nemde eser boyutlar\u0131n\u0131 k\u00fc\u00e7\u00fcltse de \u00fcretim s\u00fcrecinde ayn\u0131 yo\u011funlu\u011fu korudu\u011funu dile getirdi. Her \u015feyi d\u00f6n\u00fc\u015ft\u00fcrme \u00e7abas\u0131yla hareket etti\u011fini belirten sanat\u00e7\u0131, sanat\u0131n hem bireysel hem de toplumsal bir d\u00f6n\u00fc\u015f\u00fcm arac\u0131 oldu\u011funa dikkat \u00e7ekti.<br \/>\n<br \/>Sakl\u0131, sergiye destek veren \u00c7e\u015fme M\u00fcze M\u00fcd\u00fcrl\u00fc\u011f\u00fc\u2019ne te\u015fekk\u00fcr ederken, g\u00f6nderdi\u011fi \u00e7i\u00e7ek dolay\u0131s\u0131yla Lal Denizli\u2019ye ve E\u011fitim-\u0130\u015f 1 No\u2019lu \u015eubesi\u2019ne de te\u015fekk\u00fcrlerini iletti.<br \/><\/p>\n","protected":false},"excerpt":{"rendered":"<p>\u0130zmir\u2019in \u00c7e\u015fme il\u00e7esinde sanatseverleri bulu\u015fturan yeni bir sergi kap\u0131lar\u0131n\u0131 a\u00e7t\u0131. \u00c7e\u015fme Ulusoy Denizcilik Teknolojisi Mesleki ve Teknik Anadolu Lisesi M\u00fcd\u00fcr Yard\u0131mc\u0131s\u0131 ve Resim \u00d6\u011fretmeni Sultan Burcu Sakl\u0131\u2019n\u0131n d\u00f6rd\u00fcnc\u00fc ki\u015fisel resim sergisi, \u00c7e\u015fme Kalesi i\u00e7indeki Ceneviz Kulesi Sergi Salonu\u2019nda sanatseverlerin ziyaretine sunuldu. Sergi, 16 May\u0131s\u2019a kadar gezilebilecek. Serginin a\u00e7\u0131l\u0131\u015f kurdelesini \u00c7e\u015fme Kaymakam\u0131 Mehmet Mara\u015fl\u0131 ve e\u015fi&#8230;<\/p>\n","protected":false},"author":1,"featured_media":100063,"comment_status":"open","ping_status":"open","sticky":false,"template":"","format":"standard","meta":{"_crdt_document":"","footnotes":""},"categories":[1],"tags":[],"class_list":["post-100062","post","type-post","status-publish","format-standard","has-post-thumbnail","hentry","category-guncel"],"_links":{"self":[{"href":"https:\/\/www.egemtv.com\/index.php?rest_route=\/wp\/v2\/posts\/100062","targetHints":{"allow":["GET"]}}],"collection":[{"href":"https:\/\/www.egemtv.com\/index.php?rest_route=\/wp\/v2\/posts"}],"about":[{"href":"https:\/\/www.egemtv.com\/index.php?rest_route=\/wp\/v2\/types\/post"}],"author":[{"embeddable":true,"href":"https:\/\/www.egemtv.com\/index.php?rest_route=\/wp\/v2\/users\/1"}],"replies":[{"embeddable":true,"href":"https:\/\/www.egemtv.com\/index.php?rest_route=%2Fwp%2Fv2%2Fcomments&post=100062"}],"version-history":[{"count":1,"href":"https:\/\/www.egemtv.com\/index.php?rest_route=\/wp\/v2\/posts\/100062\/revisions"}],"predecessor-version":[{"id":100064,"href":"https:\/\/www.egemtv.com\/index.php?rest_route=\/wp\/v2\/posts\/100062\/revisions\/100064"}],"wp:featuredmedia":[{"embeddable":true,"href":"https:\/\/www.egemtv.com\/index.php?rest_route=\/wp\/v2\/media\/100063"}],"wp:attachment":[{"href":"https:\/\/www.egemtv.com\/index.php?rest_route=%2Fwp%2Fv2%2Fmedia&parent=100062"}],"wp:term":[{"taxonomy":"category","embeddable":true,"href":"https:\/\/www.egemtv.com\/index.php?rest_route=%2Fwp%2Fv2%2Fcategories&post=100062"},{"taxonomy":"post_tag","embeddable":true,"href":"https:\/\/www.egemtv.com\/index.php?rest_route=%2Fwp%2Fv2%2Ftags&post=100062"}],"curies":[{"name":"wp","href":"https:\/\/api.w.org\/{rel}","templated":true}]}}