{"id":100056,"date":"2026-05-03T10:10:41","date_gmt":"2026-05-03T07:10:41","guid":{"rendered":"https:\/\/www.egemtv.com\/?p=100056"},"modified":"2026-05-03T10:10:42","modified_gmt":"2026-05-03T07:10:42","slug":"izto-ile-pttden-onemli-is-birligi","status":"publish","type":"post","link":"https:\/\/www.egemtv.com\/?p=100056","title":{"rendered":"\u0130ZTO ile PTT\u2019den \u00f6nemli i\u015f birli\u011fi"},"content":{"rendered":"<p>\u0130zmir\u2019in ticari hayat\u0131na 105 bini a\u015fk\u0131n \u00fcyesiyle y\u00f6n veren \u0130zmir Ticaret Odas\u0131, Posta ve Telgraf Te\u015fkilat\u0131 Anonim \u015eirketi (PTT A\u015e) ile \u00f6nemli bir anla\u015fmaya imza att\u0131. \u0130zmir Ticaret Odas\u0131 \u00fcyelerinin tamam\u0131n\u0131 kapsayan anla\u015fma ile, ihracat yapmak isteyen \u0130zmirli firmalara 2026 y\u0131l\u0131 bitene kadar sabit tarife g\u00fcvencesi sunan indirimli fiyatlar sa\u011flanacak, t\u00fcm yurt d\u0131\u015f\u0131 g\u00f6nderi t\u00fcrlerinde indirimli fiyatlar sunulacak, zaman ve maliyet avantaj\u0131 elde edilecek ve \u00e7evrim i\u00e7i entegrasyon \u00e7\u00f6z\u00fcmleri ile operasyonel verimlilik art\u0131r\u0131lacak. Ayr\u0131ca, \u0130zmir Ticaret Odas\u0131\u2019na tahsis edilecek kurumsal m\u00fc\u015fteri numaras\u0131 sayesinde \u00fcyeler, t\u00fcm PTT i\u015f yerlerinde bu avantajlardan kolayl\u0131kla faydalanabilecek. Y\u00fcksek hacimli g\u00f6nderim yapan \u00fcyeler i\u00e7in, ilave indirim ve \u00f6zel \u00e7\u00f6z\u00fcmler sunulacak.<br \/>\n<br \/>\u0130zmir Ticaret Odas\u0131 ve Posta ve Telgraf Te\u015fkilat\u0131 Anonim \u015eirketi (PTT A\u015e) aras\u0131nda &#8220;Yurt D\u0131\u015f\u0131 Kargo, Kurye Ta\u015f\u0131ma ve Teslim S\u00f6zle\u015fmesi&#8221; i\u015f birli\u011fi protokol\u00fc imzaland\u0131. \u0130zmir Ticaret Odas\u0131 Y\u00f6netim Kurulu Ba\u015fkan\u0131 Mahmut \u00d6zgener ve PTT 2. B\u00f6lge M\u00fcd\u00fcr\u00fc Avni Oru\u00e7lu\u2019nun imzas\u0131yla y\u00fcr\u00fcrl\u00fc\u011fe giren protokol\u00fcn imza t\u00f6renine PTT 2. B\u00f6lge M\u00fcd\u00fcr Yard\u0131mc\u0131s\u0131 Murat G\u00fclta\u00e7, \u0130zmir Ticaret Odas\u0131 Y\u00f6netim Kurulu \u00dcyeleri \u0130smail Kahraman ve Serdar G\u00f6khan Ar\u0131kan, Meclis Ba\u015fkan Yard\u0131mc\u0131lar\u0131 Mehmet Tahir \u00d6zdemir ve Nevzat Artk\u0131y, PTT 2. B\u00f6lge M\u00fcd\u00fcrl\u00fc\u011f\u00fc Pazarlama ve Sat\u0131\u015f M\u00fcd\u00fcr\u00fc Onuralp \u00d6zalp, Pazarlama ve Sat\u0131\u015f Memuru \u00d6zlem Korkmaz, \u0130zmir Ticaret Odas\u0131 Genel Sekreteri Prof. Dr. Mustafa Tanyeri ile Genel Koordinat\u00f6r P\u0131nar Karay\u0131lano\u011flu kat\u0131ld\u0131.<\/p>\n<p>\u00d6zgener: &#8220;KOB\u0130\u2019lerin rekabet g\u00fcc\u00fcn\u00fcn art\u0131r\u0131lmas\u0131 i\u00e7in kritik&#8221;<br \/>\n<br \/>\u00dclkemizin k\u00f6kl\u00fc kurumlar\u0131ndan biri olan Posta ve Telgraf Te\u015fkilat\u0131 Anonim \u015eirketi (PTT A\u015e) ile \u00f6nemli bir i\u015f birli\u011finin ilk ad\u0131m\u0131n\u0131 atmaktan memnuniyet duydu\u011funu ifade eden \u0130zmir Ticaret Odas\u0131 Y\u00f6netim Kurulu Ba\u015fkan\u0131 Mahmut \u00d6zgener, &#8220;K\u00fcresel ticaretin \u00f6nemli bir d\u00f6n\u00fc\u015f\u00fcm s\u00fcrecinden ge\u00e7ti\u011fi; jeopolitik riskler kar\u015f\u0131s\u0131nda alternatif g\u00fczerg\u00e2hlar\u0131n arand\u0131\u011f\u0131 ve lojistik s\u00fcre\u00e7lerin rekabet g\u00fcc\u00fcn\u00fc belirleyen temel unsurlardan biri haline geldi\u011fi g\u00fcn\u00fcm\u00fczde, g\u00fcvenilir, h\u0131zl\u0131 ve maliyet avantaj\u0131 sa\u011flayan ta\u015f\u0131ma \u00e7\u00f6z\u00fcmleri \u00f6nemli bir ihtiya\u00e7 olarak kar\u015f\u0131m\u0131za \u00e7\u0131k\u0131yor. \u00d6zellikle KOB\u0130\u2019lerimizin uluslararas\u0131 pazarlara eri\u015fiminde lojistik maliyetlerin d\u00fc\u015f\u00fcr\u00fclmesi ve operasyonel s\u00fcre\u00e7lerin sadele\u015ftirilmesinin, rekabet g\u00fc\u00e7lerinin art\u0131r\u0131lmas\u0131 a\u00e7\u0131s\u0131ndan kritik oldu\u011fu kanaatindeyiz&#8221; dedi.<\/p>\n<p>Stratejik bir ad\u0131m<br \/>\n<br \/>PTT A\u015e ile ger\u00e7ekle\u015ftirilen i\u015f birli\u011finin yaln\u0131zca bir lojistik hizmet anla\u015fmas\u0131ndan ibaret olmad\u0131\u011f\u0131na dikkat \u00e7eken \u00d6zgener s\u00f6zlerini \u015f\u00f6yle s\u00fcrd\u00fcrd\u00fc: &#8220;Bu protokol\u00fc; \u00fcyelerimizin ihracat\u0131n\u0131 destekleyen, yeni pazarlara eri\u015fimini kolayla\u015ft\u0131ran ve ticari faaliyetlerini s\u00fcrd\u00fcr\u00fclebilir \u015fekilde b\u00fcy\u00fctmelerine katk\u0131 sa\u011flayan stratejik bir ad\u0131m olarak g\u00f6r\u00fcyoruz. K\u00fc\u00e7\u00fck numune paketlerinden b\u00fcy\u00fck kolilere kadar uzanan geni\u015f yelpazedeki uluslararas\u0131 g\u00f6nderilerin sorunsuz \u015fekilde d\u00fcnya pazarlar\u0131na ula\u015ft\u0131r\u0131lmas\u0131n\u0131 ve ihracat\u0131n te\u015fvik edilmesini ama\u00e7layan bu i\u015f birli\u011fi kapsam\u0131na t\u00fcm \u00fcyelerimizin istisnas\u0131z \u015fekilde dahil edilmesini son derece k\u0131ymetli buluyor ba\u015fta PTT 2. B\u00f6lge M\u00fcd\u00fcr\u00fcm\u00fcz Avni Oru\u00e7lu olmak \u00fczere, t\u00fcm PTT A\u015e y\u00f6neticilerine te\u015fekk\u00fcr ediyoruz.&#8221;<\/p>\n<p>Oru\u00e7lu: &#8220;Uluslararas\u0131 piyasada rekabet avantaj\u0131&#8221;<br \/>\n<br \/>T\u00fcrkiye ekonomisinin sayg\u0131n ve g\u00fc\u00e7l\u00fc kurumlar\u0131ndan \u0130zmir Ticaret Odas\u0131 ile birlikte hizmete sunulan i\u015f birli\u011fi protokol\u00fcn\u00fcn \u0130zmir i\u015f d\u00fcnyas\u0131na sa\u011flayaca\u011f\u0131 katk\u0131dan mutluluk duydu\u011funu belirten PTT 2. B\u00f6lge M\u00fcd\u00fcr\u00fc Avni Oru\u00e7lu, &#8220;\u015eirketimizin uluslararas\u0131 posta ve kargo hizmetlerindeki deneyimi, yayg\u0131n hizmet a\u011f\u0131 ve farkl\u0131 ihtiya\u00e7lara y\u00f6nelik se\u00e7enekleri sayesinde \u0130zmir Ticaret Odas\u0131 \u00fcyeleri, g\u00f6nderilerinin niteli\u011fine ve hedef pazara uygun \u00e7\u00f6z\u00fcmlere daha kolay eri\u015febilecektir. B\u00f6ylece firmalar hem maliyetlerini daha etkin y\u00f6netebilecek hem de d\u0131\u015f ticaret s\u00fcre\u00e7lerinde g\u00fcvenilir bir kamu hizmet altyap\u0131s\u0131ndan yararlanabilecektir&#8221; dedi.<\/p>\n<p>T\u00fcrkiye\u2019nin ihracat hedeflerine katk\u0131 sa\u011flamak i\u00e7in ilk ad\u0131m<br \/>\n<br \/>\u0130zmir Ticaret Odas\u0131 \u00fcyelerinin \u00fclkemiz ihracat\u0131ndaki pay\u0131n\u0131n art\u0131r\u0131lmas\u0131na y\u00f6nelik bir hizmetin devreye al\u0131nmas\u0131na dikkat \u00e7eken Oru\u00e7lu &#8220;PTT olarak, T\u00fcrkiye\u2019nin ihracat hedeflerine katk\u0131 sunacak, firmalar\u0131m\u0131z\u0131n uluslararas\u0131 pazarlardaki etkinli\u011fini art\u0131racak ve d\u0131\u015f ticaret s\u00fcre\u00e7lerini kolayla\u015ft\u0131racak i\u015f birliklerini hayata ge\u00e7irmeye devam ediyor; \u0130zmir Ticaret Odas\u0131 ile ger\u00e7ekle\u015ftirilen bu protokol\u00fcn \u0130zmir i\u015f d\u00fcnyas\u0131na, ihracat\u00e7\u0131lar\u0131m\u0131za ve uluslararas\u0131 pazarlara a\u00e7\u0131lmak isteyen t\u00fcm i\u015fletmelere hay\u0131rl\u0131 olmas\u0131n\u0131 diliyoruz.&#8221; ifadelerini kulland\u0131.<br \/><\/p>\n","protected":false},"excerpt":{"rendered":"<p>\u0130zmir\u2019in ticari hayat\u0131na 105 bini a\u015fk\u0131n \u00fcyesiyle y\u00f6n veren \u0130zmir Ticaret Odas\u0131, Posta ve Telgraf Te\u015fkilat\u0131 Anonim \u015eirketi (PTT A\u015e) ile \u00f6nemli bir anla\u015fmaya imza att\u0131. \u0130zmir Ticaret Odas\u0131 \u00fcyelerinin tamam\u0131n\u0131 kapsayan anla\u015fma ile, ihracat yapmak isteyen \u0130zmirli firmalara 2026 y\u0131l\u0131 bitene kadar sabit tarife g\u00fcvencesi sunan indirimli fiyatlar sa\u011flanacak, t\u00fcm yurt d\u0131\u015f\u0131 g\u00f6nderi t\u00fcrlerinde&#8230;<\/p>\n","protected":false},"author":1,"featured_media":100057,"comment_status":"open","ping_status":"open","sticky":false,"template":"","format":"standard","meta":{"_crdt_document":"","footnotes":""},"categories":[125],"tags":[],"class_list":["post-100056","post","type-post","status-publish","format-standard","has-post-thumbnail","hentry","category-ekonomi"],"_links":{"self":[{"href":"https:\/\/www.egemtv.com\/index.php?rest_route=\/wp\/v2\/posts\/100056","targetHints":{"allow":["GET"]}}],"collection":[{"href":"https:\/\/www.egemtv.com\/index.php?rest_route=\/wp\/v2\/posts"}],"about":[{"href":"https:\/\/www.egemtv.com\/index.php?rest_route=\/wp\/v2\/types\/post"}],"author":[{"embeddable":true,"href":"https:\/\/www.egemtv.com\/index.php?rest_route=\/wp\/v2\/users\/1"}],"replies":[{"embeddable":true,"href":"https:\/\/www.egemtv.com\/index.php?rest_route=%2Fwp%2Fv2%2Fcomments&post=100056"}],"version-history":[{"count":1,"href":"https:\/\/www.egemtv.com\/index.php?rest_route=\/wp\/v2\/posts\/100056\/revisions"}],"predecessor-version":[{"id":100058,"href":"https:\/\/www.egemtv.com\/index.php?rest_route=\/wp\/v2\/posts\/100056\/revisions\/100058"}],"wp:featuredmedia":[{"embeddable":true,"href":"https:\/\/www.egemtv.com\/index.php?rest_route=\/wp\/v2\/media\/100057"}],"wp:attachment":[{"href":"https:\/\/www.egemtv.com\/index.php?rest_route=%2Fwp%2Fv2%2Fmedia&parent=100056"}],"wp:term":[{"taxonomy":"category","embeddable":true,"href":"https:\/\/www.egemtv.com\/index.php?rest_route=%2Fwp%2Fv2%2Fcategories&post=100056"},{"taxonomy":"post_tag","embeddable":true,"href":"https:\/\/www.egemtv.com\/index.php?rest_route=%2Fwp%2Fv2%2Ftags&post=100056"}],"curies":[{"name":"wp","href":"https:\/\/api.w.org\/{rel}","templated":true}]}}